{"id":6571,"date":"2025-07-14T07:47:38","date_gmt":"2025-07-14T07:47:38","guid":{"rendered":"https:\/\/infogandia.es\/?p=6571"},"modified":"2025-07-14T07:47:38","modified_gmt":"2025-07-14T07:47:38","slug":"el-puerto-de-gandia-acoge-la-segunda-jornada-del-v-reto-solidario-de-remo-contra-el-cancer-infantil","status":"publish","type":"post","link":"https:\/\/infogandia.es\/index.php\/2025\/07\/14\/el-puerto-de-gandia-acoge-la-segunda-jornada-del-v-reto-solidario-de-remo-contra-el-cancer-infantil\/","title":{"rendered":"El Puerto de Gandia acoge la segunda jornada del V Reto Solidario de Remo contra el C\u00e1ncer Infantil"},"content":{"rendered":"\n<p>El Puerto de Gandia ha sido hoy el escenario de la <strong>segunda jornada del V Reto Solidario de Remo contra el C\u00e1ncer Infantil<\/strong>, una iniciativa deportiva y solidaria organizada por el <strong>Club de Remo CIA Gandia<\/strong> y la <strong>Asociaci\u00f3n Espa\u00f1ola Contra el C\u00e1ncer (AECC)<\/strong> de la ciudad.<\/p>\n\n\n\n<p>El objetivo de esta quinta edici\u00f3n es <strong>superar los 3.000 kil\u00f3metros remados<\/strong> en la edici\u00f3n anterior, un desaf\u00edo que une a deportistas, instituciones y ciudadan\u00eda en una causa com\u00fan: la lucha contra el c\u00e1ncer infantil.<\/p>\n\n\n\n<figure class=\"wp-block-image size-large\"><img fetchpriority=\"high\" decoding=\"async\" width=\"1024\" height=\"714\" src=\"http:\/\/infogandia.es\/wp-content\/uploads\/2025\/07\/AO_4309-copia-1024x714.jpg\" alt=\"\" class=\"wp-image-6573\" srcset=\"https:\/\/infogandia.es\/wp-content\/uploads\/2025\/07\/AO_4309-copia-1024x714.jpg 1024w, https:\/\/infogandia.es\/wp-content\/uploads\/2025\/07\/AO_4309-copia-300x209.jpg 300w, https:\/\/infogandia.es\/wp-content\/uploads\/2025\/07\/AO_4309-copia-768x535.jpg 768w, https:\/\/infogandia.es\/wp-content\/uploads\/2025\/07\/AO_4309-copia-1536x1071.jpg 1536w, https:\/\/infogandia.es\/wp-content\/uploads\/2025\/07\/AO_4309-copia.jpg 1772w\" sizes=\"(max-width: 1024px) 100vw, 1024px\" \/><\/figure>\n\n\n\n<p>Durante la jornada, han participado el <strong>alcalde de Gandia, Jos\u00e9 Manuel Prieto<\/strong>, y otros miembros de la corporaci\u00f3n municipal, quienes han querido aportar su esfuerzo personal y mostrar su compromiso con este reto solidario.<\/p>\n\n\n\n<p>El evento finalizar\u00e1 <strong>ma\u00f1ana domingo, 13 de julio<\/strong>, con una jornada abierta a <strong>familias y grupos de amigos<\/strong> que deseen unirse al desaf\u00edo. Los horarios habilitados ser\u00e1n de <strong>9:00 a 12:00 h y de 19:00 a 22:00 h<\/strong>.<\/p>\n\n\n\n<p>Las personas asistentes podr\u00e1n acercarse al <strong>estand informativo de AECC Gandia<\/strong>, donde se ofrecer\u00e1n <strong>dorsales solidarios por solo 2 euros<\/strong>, que incluyen mensajes personales dedicados a quien se quiera ofrecer el esfuerzo. Tambi\u00e9n estar\u00e1n disponibles <strong>camisetas solidarias y material divulgativo<\/strong>.<\/p>\n\n\n\n<p>El reto contin\u00faa y <strong>Gandia rema unida por la solidaridad y la esperanza<\/strong>.<\/p>\n","protected":false},"excerpt":{"rendered":"<p>El Puerto de Gandia ha sido hoy el escenario de la segunda jornada del V Reto Solidario de Remo contra el C\u00e1ncer Infantil, una iniciativa deportiva y solidaria organizada por el Club de Remo CIA Gandia y la Asociaci\u00f3n Espa\u00f1ola Contra el C\u00e1ncer (AECC) de la ciudad. El objetivo de esta quinta edici\u00f3n es superar&#8230;<\/p>\n","protected":false},"author":1,"featured_media":6572,"comment_status":"open","ping_status":"open","sticky":false,"template":"","format":"standard","meta":{"footnotes":""},"categories":[1,4,27],"tags":[],"class_list":["post-6571","post","type-post","status-publish","format-standard","has-post-thumbnail","hentry","category-actualidad","category-deporte","category-sociedad"],"_links":{"self":[{"href":"https:\/\/infogandia.es\/index.php\/wp-json\/wp\/v2\/posts\/6571","targetHints":{"allow":["GET"]}}],"collection":[{"href":"https:\/\/infogandia.es\/index.php\/wp-json\/wp\/v2\/posts"}],"about":[{"href":"https:\/\/infogandia.es\/index.php\/wp-json\/wp\/v2\/types\/post"}],"author":[{"embeddable":true,"href":"https:\/\/infogandia.es\/index.php\/wp-json\/wp\/v2\/users\/1"}],"replies":[{"embeddable":true,"href":"https:\/\/infogandia.es\/index.php\/wp-json\/wp\/v2\/comments?post=6571"}],"version-history":[{"count":1,"href":"https:\/\/infogandia.es\/index.php\/wp-json\/wp\/v2\/posts\/6571\/revisions"}],"predecessor-version":[{"id":6574,"href":"https:\/\/infogandia.es\/index.php\/wp-json\/wp\/v2\/posts\/6571\/revisions\/6574"}],"wp:featuredmedia":[{"embeddable":true,"href":"https:\/\/infogandia.es\/index.php\/wp-json\/wp\/v2\/media\/6572"}],"wp:attachment":[{"href":"https:\/\/infogandia.es\/index.php\/wp-json\/wp\/v2\/media?parent=6571"}],"wp:term":[{"taxonomy":"category","embeddable":true,"href":"https:\/\/infogandia.es\/index.php\/wp-json\/wp\/v2\/categories?post=6571"},{"taxonomy":"post_tag","embeddable":true,"href":"https:\/\/infogandia.es\/index.php\/wp-json\/wp\/v2\/tags?post=6571"}],"curies":[{"name":"wp","href":"https:\/\/api.w.org\/{rel}","templated":true}]}}