{"id":6575,"date":"2025-07-14T09:40:00","date_gmt":"2025-07-14T09:40:00","guid":{"rendered":"https:\/\/infogandia.es\/?p=6575"},"modified":"2025-07-14T09:40:00","modified_gmt":"2025-07-14T09:40:00","slug":"la-mare-de-deu-blanqueta-llega-por-mar-al-grau-en-uno-de-los-actos-mas-emotivos-de-las-fiestas-marineras","status":"publish","type":"post","link":"https:\/\/infogandia.es\/index.php\/2025\/07\/14\/la-mare-de-deu-blanqueta-llega-por-mar-al-grau-en-uno-de-los-actos-mas-emotivos-de-las-fiestas-marineras\/","title":{"rendered":"La Mare de D\u00e9u Blanqueta llega por mar al Grau en uno de los actos m\u00e1s emotivos de las fiestas marineras"},"content":{"rendered":"\n<p> La imagen de la <strong>Mare de D\u00e9u Blanqueta<\/strong> lleg\u00f3 ayer por mar hasta el muelle del Grau de Gandia, en uno de los actos m\u00e1s emotivos y tradicionales de las <strong>fiestas marineras<\/strong> que se celebran estos d\u00edas en el barrio.<\/p>\n\n\n\n<p>La Virgen fue transportada en barco y recibida con gran devoci\u00f3n por los <strong>festeros del barrio<\/strong>, las <strong>Madrinas de las Fiestas<\/strong>, as\u00ed como por numerosos vecinos y vecinas que se acercaron al puerto para participar en este acto cargado de simbolismo.<\/p>\n\n\n\n<p>Tras su llegada, la imagen fue trasladada en procesi\u00f3n hasta la <strong>iglesia de San Nicol\u00e1s<\/strong>, donde se entonaron <strong>alabanzas a la Virgen y a las Madrinas<\/strong>, en un ambiente lleno de emoci\u00f3n y recogimiento que refleja la profunda devoci\u00f3n popular hacia esta tradici\u00f3n marinera.<\/p>\n\n\n\n<p>El acto cont\u00f3 con la presencia del <strong>alcalde de Gandia, Jos\u00e9 Manuel Prieto<\/strong>, acompa\u00f1ado por el <strong>presidente de la Junta de Distrito<\/strong> y otros <strong>representantes municipales<\/strong>, quienes mostraron su apoyo institucional a una de las tradiciones m\u00e1s queridas del Grau.<\/p>\n","protected":false},"excerpt":{"rendered":"<p>La imagen de la Mare de D\u00e9u Blanqueta lleg\u00f3 ayer por mar hasta el muelle del Grau de Gandia, en uno de los actos m\u00e1s emotivos y tradicionales de las fiestas marineras que se celebran estos d\u00edas en el barrio. La Virgen fue transportada en barco y recibida con gran devoci\u00f3n por los festeros del&#8230;<\/p>\n","protected":false},"author":1,"featured_media":6576,"comment_status":"open","ping_status":"open","sticky":false,"template":"","format":"standard","meta":{"footnotes":""},"categories":[1],"tags":[],"class_list":["post-6575","post","type-post","status-publish","format-standard","has-post-thumbnail","hentry","category-actualidad"],"_links":{"self":[{"href":"https:\/\/infogandia.es\/index.php\/wp-json\/wp\/v2\/posts\/6575","targetHints":{"allow":["GET"]}}],"collection":[{"href":"https:\/\/infogandia.es\/index.php\/wp-json\/wp\/v2\/posts"}],"about":[{"href":"https:\/\/infogandia.es\/index.php\/wp-json\/wp\/v2\/types\/post"}],"author":[{"embeddable":true,"href":"https:\/\/infogandia.es\/index.php\/wp-json\/wp\/v2\/users\/1"}],"replies":[{"embeddable":true,"href":"https:\/\/infogandia.es\/index.php\/wp-json\/wp\/v2\/comments?post=6575"}],"version-history":[{"count":1,"href":"https:\/\/infogandia.es\/index.php\/wp-json\/wp\/v2\/posts\/6575\/revisions"}],"predecessor-version":[{"id":6577,"href":"https:\/\/infogandia.es\/index.php\/wp-json\/wp\/v2\/posts\/6575\/revisions\/6577"}],"wp:featuredmedia":[{"embeddable":true,"href":"https:\/\/infogandia.es\/index.php\/wp-json\/wp\/v2\/media\/6576"}],"wp:attachment":[{"href":"https:\/\/infogandia.es\/index.php\/wp-json\/wp\/v2\/media?parent=6575"}],"wp:term":[{"taxonomy":"category","embeddable":true,"href":"https:\/\/infogandia.es\/index.php\/wp-json\/wp\/v2\/categories?post=6575"},{"taxonomy":"post_tag","embeddable":true,"href":"https:\/\/infogandia.es\/index.php\/wp-json\/wp\/v2\/tags?post=6575"}],"curies":[{"name":"wp","href":"https:\/\/api.w.org\/{rel}","templated":true}]}}