{"id":6578,"date":"2025-07-14T09:43:00","date_gmt":"2025-07-14T09:43:00","guid":{"rendered":"https:\/\/infogandia.es\/?p=6578"},"modified":"2025-07-14T09:43:02","modified_gmt":"2025-07-14T09:43:02","slug":"la-diputacion-desbloqueo-una-reivindicacion-historica-de-la-safor-con-la-futura-carretera-entre-tavernes-y-xeraco","status":"publish","type":"post","link":"https:\/\/infogandia.es\/index.php\/2025\/07\/14\/la-diputacion-desbloqueo-una-reivindicacion-historica-de-la-safor-con-la-futura-carretera-entre-tavernes-y-xeraco\/","title":{"rendered":"La Diputaci\u00f3n desbloque\u00f3 una reivindicaci\u00f3n hist\u00f3rica de la Safor con la futura carretera entre Tavernes y Xeraco"},"content":{"rendered":"\n<p>La <strong>Diputaci\u00f3n de Valencia<\/strong> present\u00f3 el pasado viernes en Xeraco el proyecto para transformar el actual <strong>camino pecuario que une Tavernes de la Valldigna y Xeraco<\/strong> en una <strong>nueva carretera<\/strong> adaptada a los est\u00e1ndares de seguridad vial y apta para todo tipo de veh\u00edculos. Esta actuaci\u00f3n respondi\u00f3 a una <strong>demanda hist\u00f3rica de los vecinos de la comarca de la Safor<\/strong>, que desde 1990 reclamaban una soluci\u00f3n al tramo que interrumpe la conexi\u00f3n entre <strong>Cullera y Gandia<\/strong>.<\/p>\n\n\n\n<p>El proyecto, denominado <strong>\u2018Camino de Tavernes a Xeraco\u2019 (Az-376 A)<\/strong>, fue presentado en un acto que cont\u00f3 con la participaci\u00f3n del <strong>presidente de la Diputaci\u00f3n, Vicent Momp\u00f3<\/strong>; la <strong>vicepresidenta segunda y diputada de Carreteras, Reme Mazzolari<\/strong>; y el <strong>diputado provincial y alcalde de Xeraco, Avelino Mascarell<\/strong>. Durante el evento, los t\u00e9cnicos del \u00e1rea de Carreteras explicaron los detalles de la actuaci\u00f3n, destacando su importancia para la <strong>seguridad vial<\/strong> en un tramo que registra una media diaria de <strong>m\u00e1s de 1.800 veh\u00edculos<\/strong>, muchos de ellos procedentes de las playas de Cullera y Tavernes en direcci\u00f3n al Grau de Gandia.<\/p>\n\n\n\n<blockquote class=\"wp-block-quote is-layout-flow wp-block-quote-is-layout-flow\">\n<p>\u201cCon este proyecto tan importante, la Diputaci\u00f3n dio respuesta a una reivindicaci\u00f3n hist\u00f3rica de los vecinos de la Safor\u201d, destac\u00f3 Momp\u00f3, quien subray\u00f3 que la instituci\u00f3n provincial \u201csigui\u00f3 trabajando para hacer realidad los proyectos de los 266 municipios y las 3 entidades locales menores de la provincia\u201d.<\/p>\n<\/blockquote>\n\n\n\n<p>Por su parte, <strong>Reme Mazzolari<\/strong> asegur\u00f3 que se trabajaba mano a mano con la <strong>Conselleria<\/strong> para que el tramo pudiera ser <strong>catalogado como carretera<\/strong>, lo que permitir\u00eda ejecutar una actuaci\u00f3n m\u00e1s ambiciosa y adaptada a las necesidades reales del tr\u00e1fico.<\/p>\n\n\n\n<p>El alcalde de Xeraco, <strong>Avelino Mascarell<\/strong>, afirm\u00f3 que el proyecto supon\u00eda \u201cun paso fundamental en <strong>seguridad, accesibilidad y promoci\u00f3n tur\u00edstica<\/strong>\u201d. \u201cEs una conexi\u00f3n que siempre hemos reclamado y por fin vimos que ser\u00e1 una realidad\u201d, a\u00f1adi\u00f3.<\/p>\n\n\n\n<h3 class=\"wp-block-heading\">Una v\u00eda adaptada a la realidad del tr\u00e1fico actual<\/h3>\n\n\n\n<p>El tramo afectado, de <strong>4,4 kil\u00f3metros<\/strong>, conecta la carretera <strong>CV-603<\/strong>, en el t\u00e9rmino de Tavernes, con la <strong>CV-605<\/strong> en Xeraco. Hasta ahora, los veh\u00edculos que hac\u00edan ese recorrido deb\u00edan transitar por una <strong>v\u00eda pecuaria sin arcenes ni condiciones m\u00ednimas de seguridad<\/strong>. Tras el <strong>deslinde aprobado por la Generalitat<\/strong>, que convirti\u00f3 este camino en <strong>dominio p\u00fablico viario<\/strong>, la Diputaci\u00f3n pudo poner en marcha este proyecto tan esperado.<\/p>\n\n\n\n<p>El dise\u00f1o contemplaba la <strong>ampliaci\u00f3n de la calzada<\/strong>, la incorporaci\u00f3n de <strong>arcenes<\/strong> \u2014hasta ahora inexistentes\u2014 y la creaci\u00f3n de un <strong>carril ciclo-peatonal de 3 metros de ancho<\/strong> en el tramo correspondiente a Xeraco, todo ello con el objetivo de mejorar la seguridad y facilitar la movilidad de todos los usuarios.<\/p>\n\n\n\n<p>En ese momento se iniciaron los <strong>trabajos preliminares<\/strong> para analizar las posibles <strong>afecciones ambientales<\/strong>, especialmente por las caracter\u00edsticas inundables del terreno, como paso previo a la ejecuci\u00f3n de las obras.<\/p>\n\n\n\n<p>Con esta actuaci\u00f3n, la Diputaci\u00f3n mostr\u00f3 su compromiso con la mejora de la <strong>conectividad y seguridad vial<\/strong> en la comarca, cumpliendo con una <strong>reivindicaci\u00f3n hist\u00f3rica<\/strong> de los municipios de la Safor.<\/p>\n","protected":false},"excerpt":{"rendered":"<p>La Diputaci\u00f3n de Valencia present\u00f3 el pasado viernes en Xeraco el proyecto para transformar el actual camino pecuario que une Tavernes de la Valldigna y Xeraco en una nueva carretera adaptada a los est\u00e1ndares de seguridad vial y apta para todo tipo de veh\u00edculos. Esta actuaci\u00f3n respondi\u00f3 a una demanda hist\u00f3rica de los vecinos de&#8230;<\/p>\n","protected":false},"author":1,"featured_media":6579,"comment_status":"open","ping_status":"open","sticky":false,"template":"","format":"standard","meta":{"footnotes":""},"categories":[1,3,27],"tags":[],"class_list":["post-6578","post","type-post","status-publish","format-standard","has-post-thumbnail","hentry","category-actualidad","category-politica","category-sociedad"],"_links":{"self":[{"href":"https:\/\/infogandia.es\/index.php\/wp-json\/wp\/v2\/posts\/6578","targetHints":{"allow":["GET"]}}],"collection":[{"href":"https:\/\/infogandia.es\/index.php\/wp-json\/wp\/v2\/posts"}],"about":[{"href":"https:\/\/infogandia.es\/index.php\/wp-json\/wp\/v2\/types\/post"}],"author":[{"embeddable":true,"href":"https:\/\/infogandia.es\/index.php\/wp-json\/wp\/v2\/users\/1"}],"replies":[{"embeddable":true,"href":"https:\/\/infogandia.es\/index.php\/wp-json\/wp\/v2\/comments?post=6578"}],"version-history":[{"count":1,"href":"https:\/\/infogandia.es\/index.php\/wp-json\/wp\/v2\/posts\/6578\/revisions"}],"predecessor-version":[{"id":6580,"href":"https:\/\/infogandia.es\/index.php\/wp-json\/wp\/v2\/posts\/6578\/revisions\/6580"}],"wp:featuredmedia":[{"embeddable":true,"href":"https:\/\/infogandia.es\/index.php\/wp-json\/wp\/v2\/media\/6579"}],"wp:attachment":[{"href":"https:\/\/infogandia.es\/index.php\/wp-json\/wp\/v2\/media?parent=6578"}],"wp:term":[{"taxonomy":"category","embeddable":true,"href":"https:\/\/infogandia.es\/index.php\/wp-json\/wp\/v2\/categories?post=6578"},{"taxonomy":"post_tag","embeddable":true,"href":"https:\/\/infogandia.es\/index.php\/wp-json\/wp\/v2\/tags?post=6578"}],"curies":[{"name":"wp","href":"https:\/\/api.w.org\/{rel}","templated":true}]}}