{"id":6581,"date":"2025-07-14T15:57:00","date_gmt":"2025-07-14T15:57:00","guid":{"rendered":"https:\/\/infogandia.es\/?p=6581"},"modified":"2025-07-14T15:57:00","modified_gmt":"2025-07-14T15:57:00","slug":"el-pp-denuncia-el-fracaso-de-gestion-del-gobierno-de-prieto-en-el-centro-deportivo-del-grau-tras-una-inversion-de-52-millones","status":"publish","type":"post","link":"https:\/\/infogandia.es\/index.php\/2025\/07\/14\/el-pp-denuncia-el-fracaso-de-gestion-del-gobierno-de-prieto-en-el-centro-deportivo-del-grau-tras-una-inversion-de-52-millones\/","title":{"rendered":"El PP denuncia el \u201cfracaso de gesti\u00f3n\u201d del Gobierno de Prieto en el Centro Deportivo del Grau tras una inversi\u00f3n de 5,2 millones"},"content":{"rendered":"\n<p>El <strong>Grupo Municipal Popular de Gandia<\/strong> ha denunciado esta ma\u00f1ana la \u201cgrave situaci\u00f3n de deterioro\u201d que, seg\u00fan afirman, padecen los usuarios del <strong>Centro Deportivo del Grau<\/strong>, pese a los <strong>5,2 millones de euros invertidos<\/strong> desde su apertura. En una rueda de prensa ofrecida por el portavoz, <strong>V\u00edctor Soler<\/strong>, y el concejal y portavoz adjunto de Deportes, <strong>David Ronda<\/strong>, los populares han acusado al gobierno socialista de <strong>&#8220;chapuza y abandono&#8221;<\/strong> en la gesti\u00f3n de esta infraestructura.<\/p>\n\n\n\n<p>Ronda ha revelado que, desde 2017, se han destinado <strong>1,2 millones de euros a mantenimiento<\/strong>, una cifra que, seg\u00fan sus palabras, \u201cno se ha traducido en mejoras visibles\u201d. Entre las deficiencias se\u00f1aladas destacan <strong>cortes de agua, fallos en el sistema de climatizaci\u00f3n, m\u00e1quinas averiadas<\/strong> y la <strong>persistente rotura del techo retr\u00e1ctil de la piscina<\/strong>, que sigue sin resolverse.<\/p>\n\n\n\n<blockquote class=\"wp-block-quote is-layout-flow wp-block-quote-is-layout-flow\">\n<p>\u201cEn los dos \u00faltimos a\u00f1os, el centro ha cerrado hasta en <strong>12 ocasiones<\/strong>: ocho en 2024 y cuatro en lo que va de 2025. Esto demuestra la total incapacidad del gobierno socialista para garantizar un servicio m\u00ednimo a los usuarios\u201d, ha denunciado Ronda.<\/p>\n<\/blockquote>\n\n\n\n<p>Por su parte, <strong>V\u00edctor Soler<\/strong> ha criticado duramente al alcalde <strong>Jos\u00e9 Manuel Prieto<\/strong>, a quien acusa de estar \u201cm\u00e1s preocupado por acondicionar su sal\u00f3n de boatos que por garantizar el correcto funcionamiento de unas instalaciones deportivas que pagamos todos\u201d.<\/p>\n\n\n\n<figure class=\"wp-block-gallery has-nested-images columns-default is-cropped wp-block-gallery-1 is-layout-flex wp-block-gallery-is-layout-flex\">\n<figure class=\"wp-block-image size-large\"><img fetchpriority=\"high\" decoding=\"async\" width=\"768\" height=\"1024\" data-id=\"6584\" src=\"https:\/\/infogandia.es\/wp-content\/uploads\/2025\/07\/WhatsApp-Image-2025-07-14-at-12.59.21-2-768x1024.jpeg\" alt=\"\" class=\"wp-image-6584\" srcset=\"https:\/\/infogandia.es\/wp-content\/uploads\/2025\/07\/WhatsApp-Image-2025-07-14-at-12.59.21-2-768x1024.jpeg 768w, https:\/\/infogandia.es\/wp-content\/uploads\/2025\/07\/WhatsApp-Image-2025-07-14-at-12.59.21-2-225x300.jpeg 225w, https:\/\/infogandia.es\/wp-content\/uploads\/2025\/07\/WhatsApp-Image-2025-07-14-at-12.59.21-2-1152x1536.jpeg 1152w, https:\/\/infogandia.es\/wp-content\/uploads\/2025\/07\/WhatsApp-Image-2025-07-14-at-12.59.21-2.jpeg 1200w\" sizes=\"(max-width: 768px) 100vw, 768px\" \/><\/figure>\n\n\n\n<figure class=\"wp-block-image size-large\"><img decoding=\"async\" width=\"576\" height=\"1024\" data-id=\"6583\" src=\"https:\/\/infogandia.es\/wp-content\/uploads\/2025\/07\/WhatsApp-Image-2025-07-14-at-12.59.21-1-576x1024.jpeg\" alt=\"\" class=\"wp-image-6583\" srcset=\"https:\/\/infogandia.es\/wp-content\/uploads\/2025\/07\/WhatsApp-Image-2025-07-14-at-12.59.21-1-576x1024.jpeg 576w, https:\/\/infogandia.es\/wp-content\/uploads\/2025\/07\/WhatsApp-Image-2025-07-14-at-12.59.21-1-169x300.jpeg 169w, https:\/\/infogandia.es\/wp-content\/uploads\/2025\/07\/WhatsApp-Image-2025-07-14-at-12.59.21-1-768x1365.jpeg 768w, https:\/\/infogandia.es\/wp-content\/uploads\/2025\/07\/WhatsApp-Image-2025-07-14-at-12.59.21-1-864x1536.jpeg 864w, https:\/\/infogandia.es\/wp-content\/uploads\/2025\/07\/WhatsApp-Image-2025-07-14-at-12.59.21-1.jpeg 900w\" sizes=\"(max-width: 576px) 100vw, 576px\" \/><\/figure>\n\n\n\n<figure class=\"wp-block-image size-large\"><img decoding=\"async\" width=\"1024\" height=\"768\" data-id=\"6582\" src=\"https:\/\/infogandia.es\/wp-content\/uploads\/2025\/07\/WhatsApp-Image-2025-07-14-at-12.59.20-1024x768.jpeg\" alt=\"\" class=\"wp-image-6582\" srcset=\"https:\/\/infogandia.es\/wp-content\/uploads\/2025\/07\/WhatsApp-Image-2025-07-14-at-12.59.20-1024x768.jpeg 1024w, https:\/\/infogandia.es\/wp-content\/uploads\/2025\/07\/WhatsApp-Image-2025-07-14-at-12.59.20-300x225.jpeg 300w, https:\/\/infogandia.es\/wp-content\/uploads\/2025\/07\/WhatsApp-Image-2025-07-14-at-12.59.20-768x576.jpeg 768w, https:\/\/infogandia.es\/wp-content\/uploads\/2025\/07\/WhatsApp-Image-2025-07-14-at-12.59.20-1536x1152.jpeg 1536w, https:\/\/infogandia.es\/wp-content\/uploads\/2025\/07\/WhatsApp-Image-2025-07-14-at-12.59.20.jpeg 1600w\" sizes=\"(max-width: 1024px) 100vw, 1024px\" \/><\/figure>\n<\/figure>\n\n\n\n<blockquote class=\"wp-block-quote is-layout-flow wp-block-quote-is-layout-flow\">\n<p>\u201cEstamos ante un gobierno que ha gastado <strong>5,2 millones<\/strong> (4 millones en su construcci\u00f3n y 1,2 millones en mantenimiento) para acabar ofreciendo un servicio <strong>deficiente y lleno de incidencias<\/strong>\u201d, ha afirmado el portavoz popular, quien ha calificado al ejecutivo local como <strong>\u201cel gobierno de la chapuza\u201d<\/strong>.<\/p>\n<\/blockquote>\n\n\n\n<h3 class=\"wp-block-heading\">Preocupaci\u00f3n por el futuro del Gandia Arena<\/h3>\n\n\n\n<p>Los populares tambi\u00e9n han aprovechado para <strong>alertar sobre el futuro del proyecto Gandia Arena<\/strong>, que contempla una inversi\u00f3n de <strong>18 millones de euros<\/strong>. Soler ha puesto en duda la capacidad del actual gobierno para asumir una infraestructura de tal envergadura.<\/p>\n\n\n\n<blockquote class=\"wp-block-quote is-layout-flow wp-block-quote-is-layout-flow\">\n<p>\u201cSi no son capaces de mantener lo que ya tienen, \u00bfc\u00f3mo vamos a confiar en que gestionen lo que est\u00e1 por venir?\u201d, ha cuestionado. Adem\u00e1s, ha comparado este proyecto con \u201cotras iniciativas fallidas de gobiernos socialistas\u201d, como el tranv\u00eda impulsado por Orengo, asegurando que \u201cestas f\u00f3rmulas nos condenan a estar endeudados hasta 2070\u201d.<\/p>\n<\/blockquote>\n\n\n\n<p>El PP ha exigido al Gobierno local <strong>transparencia en las inversiones, un plan de mantenimiento real y eficaz<\/strong>, y que se d\u00e9 prioridad al bienestar de los usuarios frente a lo que consideran un \u201cmarketing institucional vac\u00edo\u201d.<\/p>\n\n\n\n<p><\/p>\n","protected":false},"excerpt":{"rendered":"<p>El Grupo Municipal Popular de Gandia ha denunciado esta ma\u00f1ana la \u201cgrave situaci\u00f3n de deterioro\u201d que, seg\u00fan afirman, padecen los usuarios del Centro Deportivo del Grau, pese a los 5,2 millones de euros invertidos desde su apertura. En una rueda de prensa ofrecida por el portavoz, V\u00edctor Soler, y el concejal y portavoz adjunto de&#8230;<\/p>\n","protected":false},"author":1,"featured_media":6585,"comment_status":"open","ping_status":"open","sticky":false,"template":"","format":"standard","meta":{"footnotes":""},"categories":[1,4],"tags":[],"class_list":["post-6581","post","type-post","status-publish","format-standard","has-post-thumbnail","hentry","category-actualidad","category-deporte"],"_links":{"self":[{"href":"https:\/\/infogandia.es\/index.php\/wp-json\/wp\/v2\/posts\/6581","targetHints":{"allow":["GET"]}}],"collection":[{"href":"https:\/\/infogandia.es\/index.php\/wp-json\/wp\/v2\/posts"}],"about":[{"href":"https:\/\/infogandia.es\/index.php\/wp-json\/wp\/v2\/types\/post"}],"author":[{"embeddable":true,"href":"https:\/\/infogandia.es\/index.php\/wp-json\/wp\/v2\/users\/1"}],"replies":[{"embeddable":true,"href":"https:\/\/infogandia.es\/index.php\/wp-json\/wp\/v2\/comments?post=6581"}],"version-history":[{"count":1,"href":"https:\/\/infogandia.es\/index.php\/wp-json\/wp\/v2\/posts\/6581\/revisions"}],"predecessor-version":[{"id":6586,"href":"https:\/\/infogandia.es\/index.php\/wp-json\/wp\/v2\/posts\/6581\/revisions\/6586"}],"wp:featuredmedia":[{"embeddable":true,"href":"https:\/\/infogandia.es\/index.php\/wp-json\/wp\/v2\/media\/6585"}],"wp:attachment":[{"href":"https:\/\/infogandia.es\/index.php\/wp-json\/wp\/v2\/media?parent=6581"}],"wp:term":[{"taxonomy":"category","embeddable":true,"href":"https:\/\/infogandia.es\/index.php\/wp-json\/wp\/v2\/categories?post=6581"},{"taxonomy":"post_tag","embeddable":true,"href":"https:\/\/infogandia.es\/index.php\/wp-json\/wp\/v2\/tags?post=6581"}],"curies":[{"name":"wp","href":"https:\/\/api.w.org\/{rel}","templated":true}]}}