{"id":6587,"date":"2025-07-14T15:57:53","date_gmt":"2025-07-14T15:57:53","guid":{"rendered":"https:\/\/infogandia.es\/?p=6587"},"modified":"2025-07-14T15:57:54","modified_gmt":"2025-07-14T15:57:54","slug":"el-ayuntamiento-de-gandia-y-el-cf-gandia-firman-un-convenio-plurianual-para-garantizar-la-estabilidad-del-club","status":"publish","type":"post","link":"https:\/\/infogandia.es\/index.php\/2025\/07\/14\/el-ayuntamiento-de-gandia-y-el-cf-gandia-firman-un-convenio-plurianual-para-garantizar-la-estabilidad-del-club\/","title":{"rendered":"El Ayuntamiento de Gandia y el CF Gandia firman un convenio plurianual para garantizar la estabilidad del club"},"content":{"rendered":"\n<p>El <strong>alcalde de Gandia, Jos\u00e9 Manuel Prieto<\/strong>, y el <strong>presidente del CF Gandia, Sergio Gonz\u00e1lez<\/strong>, han firmado esta ma\u00f1ana en el despacho de Alcald\u00eda un <strong>convenio plurianual<\/strong> de colaboraci\u00f3n entre el consistorio y el club blanquiazul. En el acto tambi\u00e9n han estado presentes el <strong>concejal delegado de Deportes, Jes\u00fas Naveiro<\/strong>, y miembros de la directiva de la entidad deportiva.<\/p>\n\n\n\n<p>El acuerdo, que tendr\u00e1 una <strong>vigencia de seis a\u00f1os<\/strong>, permitir\u00e1 al club iniciar la nueva temporada con garant\u00edas, asegurando la actividad de <strong>todos los equipos de cantera y sus entrenadores<\/strong>, quienes podr\u00e1n desarrollar su trabajo en las <strong>mejores condiciones posibles<\/strong>.<\/p>\n\n\n\n<p>Durante la firma, tanto el alcalde como el presidente del CF Gandia han agradecido y reconocido el esfuerzo de la <strong>actual directiva<\/strong>, as\u00ed como el <strong>apoyo recibido por parte de las familias de los jugadores y jugadoras<\/strong>, y tambi\u00e9n de los <strong>patrocinadores<\/strong> que han acompa\u00f1ado al club durante el \u00faltimo a\u00f1o.<\/p>\n\n\n\n<p>Con este convenio, el Ayuntamiento reafirma su compromiso con el deporte local y con el <strong>fomento del f\u00fatbol base<\/strong>, consolidando as\u00ed un proyecto deportivo con vocaci\u00f3n de futuro y arraigo en la ciudad.<\/p>\n","protected":false},"excerpt":{"rendered":"<p>El alcalde de Gandia, Jos\u00e9 Manuel Prieto, y el presidente del CF Gandia, Sergio Gonz\u00e1lez, han firmado esta ma\u00f1ana en el despacho de Alcald\u00eda un convenio plurianual de colaboraci\u00f3n entre el consistorio y el club blanquiazul. En el acto tambi\u00e9n han estado presentes el concejal delegado de Deportes, Jes\u00fas Naveiro, y miembros de la directiva&#8230;<\/p>\n","protected":false},"author":1,"featured_media":6588,"comment_status":"open","ping_status":"open","sticky":false,"template":"","format":"standard","meta":{"footnotes":""},"categories":[1,4],"tags":[],"class_list":["post-6587","post","type-post","status-publish","format-standard","has-post-thumbnail","hentry","category-actualidad","category-deporte"],"_links":{"self":[{"href":"https:\/\/infogandia.es\/index.php\/wp-json\/wp\/v2\/posts\/6587","targetHints":{"allow":["GET"]}}],"collection":[{"href":"https:\/\/infogandia.es\/index.php\/wp-json\/wp\/v2\/posts"}],"about":[{"href":"https:\/\/infogandia.es\/index.php\/wp-json\/wp\/v2\/types\/post"}],"author":[{"embeddable":true,"href":"https:\/\/infogandia.es\/index.php\/wp-json\/wp\/v2\/users\/1"}],"replies":[{"embeddable":true,"href":"https:\/\/infogandia.es\/index.php\/wp-json\/wp\/v2\/comments?post=6587"}],"version-history":[{"count":1,"href":"https:\/\/infogandia.es\/index.php\/wp-json\/wp\/v2\/posts\/6587\/revisions"}],"predecessor-version":[{"id":6589,"href":"https:\/\/infogandia.es\/index.php\/wp-json\/wp\/v2\/posts\/6587\/revisions\/6589"}],"wp:featuredmedia":[{"embeddable":true,"href":"https:\/\/infogandia.es\/index.php\/wp-json\/wp\/v2\/media\/6588"}],"wp:attachment":[{"href":"https:\/\/infogandia.es\/index.php\/wp-json\/wp\/v2\/media?parent=6587"}],"wp:term":[{"taxonomy":"category","embeddable":true,"href":"https:\/\/infogandia.es\/index.php\/wp-json\/wp\/v2\/categories?post=6587"},{"taxonomy":"post_tag","embeddable":true,"href":"https:\/\/infogandia.es\/index.php\/wp-json\/wp\/v2\/tags?post=6587"}],"curies":[{"name":"wp","href":"https:\/\/api.w.org\/{rel}","templated":true}]}}