{"id":6590,"date":"2025-07-14T15:58:30","date_gmt":"2025-07-14T15:58:30","guid":{"rendered":"https:\/\/infogandia.es\/?p=6590"},"modified":"2025-07-14T15:58:30","modified_gmt":"2025-07-14T15:58:30","slug":"gandia-aprueba-nuevas-subvenciones-para-proyectos-sociales-educativos-y-deportivos-en-la-junta-de-gobierno-local","status":"publish","type":"post","link":"https:\/\/infogandia.es\/index.php\/2025\/07\/14\/gandia-aprueba-nuevas-subvenciones-para-proyectos-sociales-educativos-y-deportivos-en-la-junta-de-gobierno-local\/","title":{"rendered":"Gandia aprueba nuevas subvenciones para proyectos sociales, educativos y deportivos en la Junta de Gobierno Local"},"content":{"rendered":"\n<p>Las portavoces del Gobierno municipal, <strong>Balbina Sendra<\/strong> y <strong>Esther Sapena<\/strong> (en sustituci\u00f3n de la primera teniente de Alcald\u00eda, Al\u00edcia Izquierdo), han informado esta ma\u00f1ana sobre los principales asuntos tratados en la <strong>Junta de Gobierno Local<\/strong> celebrada hoy lunes.<\/p>\n\n\n\n<p>Entre los puntos destacados, se ha aprobado la <strong>cuarta modificaci\u00f3n de las bases de ejecuci\u00f3n del presupuesto de 2025<\/strong>, en su apartado de <strong>subvenciones nominativas<\/strong>. Entre las ayudas concedidas, destacan <strong>70.000 euros para el Encuentro Nacional de Cofrad\u00edas de Semana Santa<\/strong> y <strong>3.000 euros para la Tercera Bienal de Arte Outsider<\/strong>, organizada por el colectivo Obertament.<\/p>\n\n\n\n<p>Asimismo, se ha aprobado una <strong>subvenci\u00f3n plurianual al Club de F\u00fatbol Gandia<\/strong> por un total de <strong>180.000 euros entre 2025 y 2028<\/strong>, con posibilidad de pr\u00f3rroga hasta 2030. Seg\u00fan explic\u00f3 Sendra, esta ayuda \u201cest\u00e1 destinada a <strong>fomentar el deporte base<\/strong>, los <strong>equipos femeninos e inclusivos<\/strong> y a <strong>promocionar el Trofeo Ciudad de Gandia<\/strong>\u201d.<\/p>\n\n\n\n<p>En el \u00e1mbito formativo, se ha validado el <strong>convenio con el Instituto Nacional de Ciberseguridad (INCIBE)<\/strong> para la celebraci\u00f3n de un <strong>roadshow<\/strong> del <strong>4 al 10 de agosto en el Moll dels Borja<\/strong>, una iniciativa abierta a toda la ciudadan\u00eda para <strong>concienciar sobre el uso seguro de internet y redes sociales<\/strong>.<\/p>\n\n\n\n<p>En materia de urbanismo, se ha dado luz verde al <strong>cobro de la primera cuota de urbanizaci\u00f3n del proyecto del PAI del sector de Sanxo Llop<\/strong>.<\/p>\n\n\n\n<p>Por su parte, Sapena ha anunciado que el Ayuntamiento ha solicitado a la <strong>Conselleria de Educaci\u00f3n una subvenci\u00f3n de 180.000 euros para actividades extraescolares<\/strong>, lo que permitir\u00eda <strong>mantener y ampliar las m\u00e1s de 25 actividades gratuitas<\/strong> ofrecidas en los centros educativos p\u00fablicos de la ciudad. \u201cEl curso pasado, la Generalitat ya redujo esta subvenci\u00f3n a 60.000 euros\u201d, ha recordado.<\/p>\n\n\n\n<p>Adem\u00e1s, se ha aprobado una ayuda de <strong>15.000 euros para la escoleta de verano del Centro de Educaci\u00f3n Especial Enric Valor<\/strong>, destinada a ni\u00f1os y ni\u00f1as con diversidad funcional.<\/p>\n\n\n\n<p>En el \u00e1rea de servicios sociales, se ha adjudicado a la empresa <strong>Osventos Innovaci\u00f3n en Servicios SL<\/strong> el <strong>contrato del servicio de ayuda a domicilio (SAD)<\/strong> por <strong>224.000 euros<\/strong>, con una duraci\u00f3n inicial de un a\u00f1o y posibilidad de pr\u00f3rroga hasta cuatro a\u00f1os m\u00e1s.<\/p>\n\n\n\n<p>Finalmente, la Junta ha informado de la <strong>ratificaci\u00f3n judicial del acuerdo con los sindicatos<\/strong> que permite la <strong>estabilizaci\u00f3n laboral de 11 trabajadoras de las escoletas municipales<\/strong>, quienes ya se han incorporado al servicio de verano y continuar\u00e1n en septiembre. \u201cEs una noticia muy positiva, tanto para las profesionales como para el servicio p\u00fablico, ya que garantiza <strong>estabilidad laboral y calidad educativa<\/strong>\u201d, ha destacado Sapena.<\/p>\n","protected":false},"excerpt":{"rendered":"<p>Las portavoces del Gobierno municipal, Balbina Sendra y Esther Sapena (en sustituci\u00f3n de la primera teniente de Alcald\u00eda, Al\u00edcia Izquierdo), han informado esta ma\u00f1ana sobre los principales asuntos tratados en la Junta de Gobierno Local celebrada hoy lunes. Entre los puntos destacados, se ha aprobado la cuarta modificaci\u00f3n de las bases de ejecuci\u00f3n del presupuesto&#8230;<\/p>\n","protected":false},"author":1,"featured_media":6591,"comment_status":"open","ping_status":"open","sticky":false,"template":"","format":"standard","meta":{"footnotes":""},"categories":[1,27],"tags":[],"class_list":["post-6590","post","type-post","status-publish","format-standard","has-post-thumbnail","hentry","category-actualidad","category-sociedad"],"_links":{"self":[{"href":"https:\/\/infogandia.es\/index.php\/wp-json\/wp\/v2\/posts\/6590","targetHints":{"allow":["GET"]}}],"collection":[{"href":"https:\/\/infogandia.es\/index.php\/wp-json\/wp\/v2\/posts"}],"about":[{"href":"https:\/\/infogandia.es\/index.php\/wp-json\/wp\/v2\/types\/post"}],"author":[{"embeddable":true,"href":"https:\/\/infogandia.es\/index.php\/wp-json\/wp\/v2\/users\/1"}],"replies":[{"embeddable":true,"href":"https:\/\/infogandia.es\/index.php\/wp-json\/wp\/v2\/comments?post=6590"}],"version-history":[{"count":1,"href":"https:\/\/infogandia.es\/index.php\/wp-json\/wp\/v2\/posts\/6590\/revisions"}],"predecessor-version":[{"id":6592,"href":"https:\/\/infogandia.es\/index.php\/wp-json\/wp\/v2\/posts\/6590\/revisions\/6592"}],"wp:featuredmedia":[{"embeddable":true,"href":"https:\/\/infogandia.es\/index.php\/wp-json\/wp\/v2\/media\/6591"}],"wp:attachment":[{"href":"https:\/\/infogandia.es\/index.php\/wp-json\/wp\/v2\/media?parent=6590"}],"wp:term":[{"taxonomy":"category","embeddable":true,"href":"https:\/\/infogandia.es\/index.php\/wp-json\/wp\/v2\/categories?post=6590"},{"taxonomy":"post_tag","embeddable":true,"href":"https:\/\/infogandia.es\/index.php\/wp-json\/wp\/v2\/tags?post=6590"}],"curies":[{"name":"wp","href":"https:\/\/api.w.org\/{rel}","templated":true}]}}