{"id":6593,"date":"2025-07-14T16:17:21","date_gmt":"2025-07-14T16:17:21","guid":{"rendered":"https:\/\/infogandia.es\/?p=6593"},"modified":"2025-07-14T16:17:21","modified_gmt":"2025-07-14T16:17:21","slug":"faes-impulsa-una-mesa-tecnica-para-resolver-el-deficit-energetico-en-la-safor","status":"publish","type":"post","link":"https:\/\/infogandia.es\/index.php\/2025\/07\/14\/faes-impulsa-una-mesa-tecnica-para-resolver-el-deficit-energetico-en-la-safor\/","title":{"rendered":"FAES impulsa una mesa t\u00e9cnica para resolver el d\u00e9ficit energ\u00e9tico en la Safor"},"content":{"rendered":"\n<p>La <em>Federaci\u00f3n de Asociaciones de Empresarios de la Safor (FAES)<\/em> ha celebrado una <strong>sesi\u00f3n de trabajo clave sobre la l\u00ednea el\u00e9ctrica Gandia-Oliva<\/strong>, centrada en las necesidades energ\u00e9ticas de la comarca y su impacto en el desarrollo econ\u00f3mico. El encuentro reuni\u00f3 a representantes institucionales, t\u00e9cnicos y del tejido empresarial, adem\u00e1s de representantes de <strong>Iberdrola<\/strong>.<\/p>\n\n\n\n<h3 class=\"wp-block-heading\">Participaci\u00f3n institucional<\/h3>\n\n\n\n<p>FAES agradeci\u00f3 la implicaci\u00f3n de altos cargos de la Generalitat Valenciana, como el <strong>Secretari Auton\u00f2mic d\u2019Ind\u00fastria, Comer\u00e7 i Consum, Felipe Carrasco Torres<\/strong>, y el <strong>Director General d\u2019Energia i Mines, Manuel Arg\u00fcelles Linares<\/strong>, as\u00ed como de alcaldes y concejales de los municipios de la Safor, t\u00e9cnicos municipales y representantes de la <em>Mancomunitat de Municipis de la Safor<\/em>.<\/p>\n\n\n\n<h3 class=\"wp-block-heading\">Diagn\u00f3stico de la situaci\u00f3n<\/h3>\n\n\n\n<p>Durante la jornada, diversos municipios denunciaron los <strong>problemas de suministro el\u00e9ctrico<\/strong>, especialmente en <strong>pol\u00edgonos industriales<\/strong>, lo cual est\u00e1 <strong>frenando el crecimiento empresarial<\/strong> y provocando malestar social. El <strong>Ayuntamiento de Gandia<\/strong>, tras finalizar las obras de la <strong>Subestaci\u00f3n Sanxo Llop<\/strong>, se ofreci\u00f3 a liderar la <strong>coordinaci\u00f3n de la pol\u00edtica industrial comarcal<\/strong>.<\/p>\n\n\n\n<h3 class=\"wp-block-heading\">Perspectiva empresarial<\/h3>\n\n\n\n<p>Empresas como <strong>SKLUM, ALE-HOP, Coprusa y Verniprens<\/strong> compartieron sus dificultades para expandirse ante la falta de energ\u00eda suficiente, advirtiendo que necesitan soluciones urgentes para poder <strong>mantener su actividad en la comarca<\/strong>.<\/p>\n\n\n\n<figure class=\"wp-block-image size-large\"><img fetchpriority=\"high\" decoding=\"async\" width=\"1024\" height=\"768\" src=\"http:\/\/infogandia.es\/wp-content\/uploads\/2025\/07\/Imagen-de-WhatsApp-2025-07-10-a-las-19.54.47_1259b329-1024x768.jpg\" alt=\"\" class=\"wp-image-6594\" srcset=\"https:\/\/infogandia.es\/wp-content\/uploads\/2025\/07\/Imagen-de-WhatsApp-2025-07-10-a-las-19.54.47_1259b329-1024x768.jpg 1024w, https:\/\/infogandia.es\/wp-content\/uploads\/2025\/07\/Imagen-de-WhatsApp-2025-07-10-a-las-19.54.47_1259b329-300x225.jpg 300w, https:\/\/infogandia.es\/wp-content\/uploads\/2025\/07\/Imagen-de-WhatsApp-2025-07-10-a-las-19.54.47_1259b329-768x576.jpg 768w, https:\/\/infogandia.es\/wp-content\/uploads\/2025\/07\/Imagen-de-WhatsApp-2025-07-10-a-las-19.54.47_1259b329.jpg 1288w\" sizes=\"(max-width: 1024px) 100vw, 1024px\" \/><\/figure>\n\n\n\n<h3 class=\"wp-block-heading\">Compromisos adquiridos<\/h3>\n\n\n\n<ul class=\"wp-block-list\">\n<li><strong>Generalitat Valenciana<\/strong>: Se comprometi\u00f3 a <strong>agilizar los tr\u00e1mites administrativos<\/strong> y a <strong>priorizar proyectos energ\u00e9ticos reales y viables<\/strong>, en colaboraci\u00f3n estrecha con ayuntamientos y empresas.<\/li>\n\n\n\n<li><strong>Iberdrola<\/strong>: Manifest\u00f3 su disposici\u00f3n a <strong>buscar soluciones t\u00e9cnicas<\/strong> espec\u00edficas, siempre que las propuestas sean concretas, trabajando junto a los consistorios y bajo la coordinaci\u00f3n de la Direcci\u00f3n General de Energ\u00eda.<\/li>\n<\/ul>\n\n\n\n<h3 class=\"wp-block-heading\">Conclusiones<\/h3>\n\n\n\n<p>Los participantes coincidieron en que <strong>es urgente dotar al tejido empresarial de infraestructuras energ\u00e9ticas adecuadas<\/strong> que impulsen la actividad econ\u00f3mica y generen empleo. Se reconoci\u00f3 tambi\u00e9n la <strong>disposici\u00f3n de Gandia para asumir el liderazgo comarcal<\/strong>.<\/p>\n\n\n\n<h3 class=\"wp-block-heading\">Acuerdo principal<\/h3>\n\n\n\n<p>Se acord\u00f3 la <strong>creaci\u00f3n de una Mesa T\u00e9cnica de Trabajo<\/strong>, que se encargar\u00e1 de:<\/p>\n\n\n\n<ul class=\"wp-block-list\">\n<li><strong>Actualizar las necesidades energ\u00e9ticas<\/strong> de la comarca.<\/li>\n\n\n\n<li><strong>Definir una hoja de ruta<\/strong> para ejecutar los proyectos prioritarios de manera coordinada.<\/li>\n<\/ul>\n\n\n\n<h3 class=\"wp-block-heading\">Entidades representadas<\/h3>\n\n\n\n<ul class=\"wp-block-list\">\n<li><strong>Generalitat Valenciana<\/strong><\/li>\n\n\n\n<li><strong>Mancomunitat de Municipis de la Safor<\/strong><\/li>\n\n\n\n<li><strong>Ayuntamientos<\/strong> de Gandia, Oliva, Bellreguard, Piles, Guardamar de la Safor, Palmera y Miramar<\/li>\n\n\n\n<li><strong>Iberdrola<\/strong><\/li>\n\n\n\n<li><strong>Empresas<\/strong>: SKLUM, ALE-HOP, Coprusa, Verniprens<\/li>\n\n\n\n<li><strong>FAES<\/strong><\/li>\n<\/ul>\n\n\n\n<p>Este encuentro marca un <strong>punto de inflexi\u00f3n en la cooperaci\u00f3n p\u00fablico-privada<\/strong> para afrontar los desaf\u00edos energ\u00e9ticos que amenazan el desarrollo econ\u00f3mico de la Safor.<\/p>\n","protected":false},"excerpt":{"rendered":"<p>La Federaci\u00f3n de Asociaciones de Empresarios de la Safor (FAES) ha celebrado una sesi\u00f3n de trabajo clave sobre la l\u00ednea el\u00e9ctrica Gandia-Oliva, centrada en las necesidades energ\u00e9ticas de la comarca y su impacto en el desarrollo econ\u00f3mico. El encuentro reuni\u00f3 a representantes institucionales, t\u00e9cnicos y del tejido empresarial, adem\u00e1s de representantes de Iberdrola. Participaci\u00f3n institucional&#8230;<\/p>\n","protected":false},"author":1,"featured_media":6595,"comment_status":"open","ping_status":"open","sticky":false,"template":"","format":"standard","meta":{"footnotes":""},"categories":[1],"tags":[],"class_list":["post-6593","post","type-post","status-publish","format-standard","has-post-thumbnail","hentry","category-actualidad"],"_links":{"self":[{"href":"https:\/\/infogandia.es\/index.php\/wp-json\/wp\/v2\/posts\/6593","targetHints":{"allow":["GET"]}}],"collection":[{"href":"https:\/\/infogandia.es\/index.php\/wp-json\/wp\/v2\/posts"}],"about":[{"href":"https:\/\/infogandia.es\/index.php\/wp-json\/wp\/v2\/types\/post"}],"author":[{"embeddable":true,"href":"https:\/\/infogandia.es\/index.php\/wp-json\/wp\/v2\/users\/1"}],"replies":[{"embeddable":true,"href":"https:\/\/infogandia.es\/index.php\/wp-json\/wp\/v2\/comments?post=6593"}],"version-history":[{"count":1,"href":"https:\/\/infogandia.es\/index.php\/wp-json\/wp\/v2\/posts\/6593\/revisions"}],"predecessor-version":[{"id":6596,"href":"https:\/\/infogandia.es\/index.php\/wp-json\/wp\/v2\/posts\/6593\/revisions\/6596"}],"wp:featuredmedia":[{"embeddable":true,"href":"https:\/\/infogandia.es\/index.php\/wp-json\/wp\/v2\/media\/6595"}],"wp:attachment":[{"href":"https:\/\/infogandia.es\/index.php\/wp-json\/wp\/v2\/media?parent=6593"}],"wp:term":[{"taxonomy":"category","embeddable":true,"href":"https:\/\/infogandia.es\/index.php\/wp-json\/wp\/v2\/categories?post=6593"},{"taxonomy":"post_tag","embeddable":true,"href":"https:\/\/infogandia.es\/index.php\/wp-json\/wp\/v2\/tags?post=6593"}],"curies":[{"name":"wp","href":"https:\/\/api.w.org\/{rel}","templated":true}]}}