{"id":6658,"date":"2025-07-21T08:00:21","date_gmt":"2025-07-21T08:00:21","guid":{"rendered":"https:\/\/infogandia.es\/?p=6658"},"modified":"2025-07-21T08:00:21","modified_gmt":"2025-07-21T08:00:21","slug":"gandia-impulsa-la-regeneracion-de-la-playa-de-lahuir-con-un-proyecto-de-67-millones-mientras-el-pp-denuncia-una-decada-de-retraso","status":"publish","type":"post","link":"https:\/\/infogandia.es\/index.php\/2025\/07\/21\/gandia-impulsa-la-regeneracion-de-la-playa-de-lahuir-con-un-proyecto-de-67-millones-mientras-el-pp-denuncia-una-decada-de-retraso\/","title":{"rendered":"Gandia impulsa la regeneraci\u00f3n de la playa de l\u2019Ahuir con un proyecto de 6,7 millones mientras el PP denuncia una d\u00e9cada de retraso"},"content":{"rendered":"\n<p><strong>Gandia (Valencia), 18 de julio de 2025.<\/strong> El Ayuntamiento de Gandia ha presentado en rueda de prensa el <strong>Proyecto de Restauraci\u00f3n Dunar y Regeneraci\u00f3n de la playa de l\u2019Ahuir<\/strong>, una actuaci\u00f3n ambiental y de movilidad suave valorada en <strong>casi 6,7 millones de euros financiados mayoritariamente por el Ministerio<\/strong> competente en materia de costas. El plan contempla la restauraci\u00f3n del sistema dunar, la creaci\u00f3n de un <strong>corredor ciclopeatonal arbolado que conectar\u00e1 con el t\u00e9rmino de Xeraco<\/strong>, nuevas pasarelas de acceso ordenado a la arena y espacios inundables de laminaci\u00f3n que reforzar\u00e1n la resiliencia ecol\u00f3gica del litoral. La iniciativa se somete ahora a un <strong>periodo de informaci\u00f3n p\u00fablica y alegaciones de 30 d\u00edas<\/strong>.<\/p>\n\n\n\n<ul class=\"wp-block-list\">\n<li><strong>Presupuesto global:<\/strong> ~6,7 millones de euros (fondos ministeriales).<\/li>\n\n\n\n<li><strong>\u00c1mbito de actuaci\u00f3n:<\/strong> ~24 hect\u00e1reas en el entorno de la playa de l\u2019Ahuir.<\/li>\n\n\n\n<li><strong>Objetivos principales:<\/strong> restauraci\u00f3n del cord\u00f3n dunar y su biodiversidad; corredor ciclopeatonal arbolado de conexi\u00f3n con Xeraco; mejora de la gesti\u00f3n h\u00eddrica mediante zonas inundables; ordenaci\u00f3n de accesos p\u00fablicos sostenibles.<\/li>\n\n\n\n<li><strong>Inicio previsto de trabajos:<\/strong> octubre de 2025 (fase previa de limpieza ambiental).<\/li>\n\n\n\n<li><strong>Primera fase:<\/strong> retirada de vegetaci\u00f3n no aut\u00f3ctona (ca\u00f1as, palmeras, <em>alehores<\/em> y otras especies invasoras), desmontaje de infraestructuras obsoletas (caminos interiores, sistemas de riego, cerramientos perimetrales, restos de antiguos invernaderos). Inversi\u00f3n aproximada: <strong>2 millones de euros<\/strong>. Plazo estimado: <strong>4\u20135 meses<\/strong>.<\/li>\n\n\n\n<li><strong>Accesos ordenados:<\/strong> pasarelas cada ~500 metros para minimizar la afecci\u00f3n sobre el ecosistema.<\/li>\n\n\n\n<li><strong>Infraestructura h\u00eddrica:<\/strong> prolongaci\u00f3n de la acequia paralela al mar a lo largo de la calle Ribera Baixa<\/li>\n<\/ul>\n\n\n\n<figure class=\"wp-block-image size-large\"><img fetchpriority=\"high\" decoding=\"async\" width=\"1024\" height=\"724\" src=\"http:\/\/infogandia.es\/wp-content\/uploads\/2025\/07\/1-1024x724.jpg\" alt=\"\" class=\"wp-image-6659\" srcset=\"https:\/\/infogandia.es\/wp-content\/uploads\/2025\/07\/1-1024x724.jpg 1024w, https:\/\/infogandia.es\/wp-content\/uploads\/2025\/07\/1-300x212.jpg 300w, https:\/\/infogandia.es\/wp-content\/uploads\/2025\/07\/1-768x543.jpg 768w, https:\/\/infogandia.es\/wp-content\/uploads\/2025\/07\/1-1536x1086.jpg 1536w, https:\/\/infogandia.es\/wp-content\/uploads\/2025\/07\/1-2048x1448.jpg 2048w\" sizes=\"(max-width: 1024px) 100vw, 1024px\" \/><\/figure>\n","protected":false},"excerpt":{"rendered":"<p>Gandia (Valencia), 18 de julio de 2025. El Ayuntamiento de Gandia ha presentado en rueda de prensa el Proyecto de Restauraci\u00f3n Dunar y Regeneraci\u00f3n de la playa de l\u2019Ahuir, una actuaci\u00f3n ambiental y de movilidad suave valorada en casi 6,7 millones de euros financiados mayoritariamente por el Ministerio competente en materia de costas. El plan&#8230;<\/p>\n","protected":false},"author":1,"featured_media":6660,"comment_status":"open","ping_status":"open","sticky":false,"template":"","format":"standard","meta":{"footnotes":""},"categories":[1],"tags":[],"class_list":["post-6658","post","type-post","status-publish","format-standard","has-post-thumbnail","hentry","category-actualidad"],"_links":{"self":[{"href":"https:\/\/infogandia.es\/index.php\/wp-json\/wp\/v2\/posts\/6658","targetHints":{"allow":["GET"]}}],"collection":[{"href":"https:\/\/infogandia.es\/index.php\/wp-json\/wp\/v2\/posts"}],"about":[{"href":"https:\/\/infogandia.es\/index.php\/wp-json\/wp\/v2\/types\/post"}],"author":[{"embeddable":true,"href":"https:\/\/infogandia.es\/index.php\/wp-json\/wp\/v2\/users\/1"}],"replies":[{"embeddable":true,"href":"https:\/\/infogandia.es\/index.php\/wp-json\/wp\/v2\/comments?post=6658"}],"version-history":[{"count":1,"href":"https:\/\/infogandia.es\/index.php\/wp-json\/wp\/v2\/posts\/6658\/revisions"}],"predecessor-version":[{"id":6661,"href":"https:\/\/infogandia.es\/index.php\/wp-json\/wp\/v2\/posts\/6658\/revisions\/6661"}],"wp:featuredmedia":[{"embeddable":true,"href":"https:\/\/infogandia.es\/index.php\/wp-json\/wp\/v2\/media\/6660"}],"wp:attachment":[{"href":"https:\/\/infogandia.es\/index.php\/wp-json\/wp\/v2\/media?parent=6658"}],"wp:term":[{"taxonomy":"category","embeddable":true,"href":"https:\/\/infogandia.es\/index.php\/wp-json\/wp\/v2\/categories?post=6658"},{"taxonomy":"post_tag","embeddable":true,"href":"https:\/\/infogandia.es\/index.php\/wp-json\/wp\/v2\/tags?post=6658"}],"curies":[{"name":"wp","href":"https:\/\/api.w.org\/{rel}","templated":true}]}}