{"id":6670,"date":"2025-07-21T08:49:23","date_gmt":"2025-07-21T08:49:23","guid":{"rendered":"https:\/\/infogandia.es\/?p=6670"},"modified":"2025-07-21T08:49:24","modified_gmt":"2025-07-21T08:49:24","slug":"grave-falta-de-efectivos-policiales-en-gandia-durante-la-noche-del-sabado","status":"publish","type":"post","link":"https:\/\/infogandia.es\/index.php\/2025\/07\/21\/grave-falta-de-efectivos-policiales-en-gandia-durante-la-noche-del-sabado\/","title":{"rendered":"Grave falta de efectivos policiales en Gandia durante la noche del s\u00e1bado"},"content":{"rendered":"\n<p>El <strong>Grupo Municipal Popular<\/strong> ha denunciado la grave situaci\u00f3n de seguridad vivida en Gandia durante la noche del s\u00e1bado, cuando la ciudad cont\u00f3 con el mismo n\u00famero de patrullas que en temporada de invierno: <strong>solo tres unidades operativas<\/strong>.<\/p>\n\n\n\n<p>Seg\u00fan fuentes del grupo, estas patrullas se distribuyeron con <strong>dos unidades en la ciudad y una en la playa<\/strong>, pero el elevado n\u00famero de incidencias en la zona de la costa, principalmente por quejas vecinales relacionadas con viviendas tur\u00edsticas y botellones, oblig\u00f3 a trasladar las dos patrullas de la ciudad a la playa, <strong>dejando a Gandia totalmente desatendida<\/strong>.<\/p>\n\n\n\n<p>La denuncia cobra mayor relevancia al compararse con otras localidades cercanas como <strong>Xeraco y Tavernes<\/strong>, que, a pesar de contar con una poblaci\u00f3n significativamente menor, disponen del mismo n\u00famero de patrullas que Gandia. \u201cEs inadmisible que una ciudad que cuadruplica el n\u00famero de residentes tenga la misma dotaci\u00f3n de efectivos que municipios m\u00e1s peque\u00f1os\u201d, advierten desde el grupo popular.<\/p>\n\n\n\n<p>Otro de los puntos se\u00f1alados por el Grupo Popular es la <strong>falta de atenci\u00f3n al ciudadano por la noche en el ret\u00e9n de la playa<\/strong>, lo que obliga a los vecinos y turistas que requieran asistencia a desplazarse al centro de Gandia, incrementando la sensaci\u00f3n de desprotecci\u00f3n. El concejal de seguridad del Grupo Popular, <strong>Vicent Gregori<\/strong>, ha calificado la situaci\u00f3n como <strong>\u201cimpermisible\u201d<\/strong>:<\/p>\n\n\n\n<blockquote class=\"wp-block-quote is-layout-flow wp-block-quote-is-layout-flow\">\n<p>\u201cLa falta de seguridad a la que se ven sometidos los vecinos de Gandia es alarmante. Llevamos meses denunciando esta carencia de agentes en las calles, pero el gobierno municipal no toma medidas\u201d.<\/p>\n<\/blockquote>\n\n\n\n<p>Gregori alert\u00f3 adem\u00e1s de que esta situaci\u00f3n podr\u00eda derivar en <strong>\u201calg\u00fan episodio grave que se podr\u00eda evitar si se actuara con previsi\u00f3n y se reforzaran los recursos policiales durante la temporada estival\u201d<\/strong>.<\/p>\n\n\n\n<p>Desde el Grupo Municipal Popular exigen al gobierno local una <strong>dotaci\u00f3n de efectivos acorde con la realidad veraniega de Gandia<\/strong>, que en esta \u00e9poca multiplica su poblaci\u00f3n con la llegada de turistas:<\/p>\n\n\n\n<blockquote class=\"wp-block-quote is-layout-flow wp-block-quote-is-layout-flow\">\n<p>\u201cNo podemos seguir funcionando con la plantilla de invierno. La situaci\u00f3n es insostenible y pone en riesgo la seguridad ciudadana\u201d, concluy\u00f3 Gregori.<\/p>\n<\/blockquote>\n","protected":false},"excerpt":{"rendered":"<p>El Grupo Municipal Popular ha denunciado la grave situaci\u00f3n de seguridad vivida en Gandia durante la noche del s\u00e1bado, cuando la ciudad cont\u00f3 con el mismo n\u00famero de patrullas que en temporada de invierno: solo tres unidades operativas. Seg\u00fan fuentes del grupo, estas patrullas se distribuyeron con dos unidades en la ciudad y una en&#8230;<\/p>\n","protected":false},"author":1,"featured_media":6671,"comment_status":"open","ping_status":"open","sticky":false,"template":"","format":"standard","meta":{"footnotes":""},"categories":[1],"tags":[],"class_list":["post-6670","post","type-post","status-publish","format-standard","has-post-thumbnail","hentry","category-actualidad"],"_links":{"self":[{"href":"https:\/\/infogandia.es\/index.php\/wp-json\/wp\/v2\/posts\/6670","targetHints":{"allow":["GET"]}}],"collection":[{"href":"https:\/\/infogandia.es\/index.php\/wp-json\/wp\/v2\/posts"}],"about":[{"href":"https:\/\/infogandia.es\/index.php\/wp-json\/wp\/v2\/types\/post"}],"author":[{"embeddable":true,"href":"https:\/\/infogandia.es\/index.php\/wp-json\/wp\/v2\/users\/1"}],"replies":[{"embeddable":true,"href":"https:\/\/infogandia.es\/index.php\/wp-json\/wp\/v2\/comments?post=6670"}],"version-history":[{"count":1,"href":"https:\/\/infogandia.es\/index.php\/wp-json\/wp\/v2\/posts\/6670\/revisions"}],"predecessor-version":[{"id":6672,"href":"https:\/\/infogandia.es\/index.php\/wp-json\/wp\/v2\/posts\/6670\/revisions\/6672"}],"wp:featuredmedia":[{"embeddable":true,"href":"https:\/\/infogandia.es\/index.php\/wp-json\/wp\/v2\/media\/6671"}],"wp:attachment":[{"href":"https:\/\/infogandia.es\/index.php\/wp-json\/wp\/v2\/media?parent=6670"}],"wp:term":[{"taxonomy":"category","embeddable":true,"href":"https:\/\/infogandia.es\/index.php\/wp-json\/wp\/v2\/categories?post=6670"},{"taxonomy":"post_tag","embeddable":true,"href":"https:\/\/infogandia.es\/index.php\/wp-json\/wp\/v2\/tags?post=6670"}],"curies":[{"name":"wp","href":"https:\/\/api.w.org\/{rel}","templated":true}]}}