{"id":6673,"date":"2025-07-23T10:31:53","date_gmt":"2025-07-23T10:31:53","guid":{"rendered":"https:\/\/infogandia.es\/?p=6673"},"modified":"2025-07-23T10:31:54","modified_gmt":"2025-07-23T10:31:54","slug":"la-interseccion-entre-la-avenida-del-puerto-y-la-avenida-del-grau-de-gandia-se-abre-manana-al-trafico","status":"publish","type":"post","link":"https:\/\/infogandia.es\/index.php\/2025\/07\/23\/la-interseccion-entre-la-avenida-del-puerto-y-la-avenida-del-grau-de-gandia-se-abre-manana-al-trafico\/","title":{"rendered":"La intersecci\u00f3n entre la avenida del Puerto y la avenida del Grau de Gandia se abre ma\u00f1ana al tr\u00e1fico"},"content":{"rendered":"\n<p>El Ayuntamiento de Gandia informa que ma\u00f1ana mi\u00e9rcoles, a lo largo del d\u00eda, quedar\u00e1 abierta al tr\u00e1fico la intersecci\u00f3n entre la avenida del Puerto y la avenida del Grau.<\/p>\n\n\n\n<p>A partir de ma\u00f1ana, los veh\u00edculos podr\u00e1n incorporarse desde la avenida del Puerto a la avenida del Grau en direcci\u00f3n Grau-playa (a la derecha) y tambi\u00e9n en direcci\u00f3n Gandia (a la izquierda), evitando as\u00ed el paso por la rotonda de la calle Goleta para dirigirse hacia Gandia. Esta intersecci\u00f3n estar\u00e1 regulada por sem\u00e1foros.<\/p>\n\n\n\n<p>La apertura se realiza de forma provisional, ya que a\u00fan quedan pendientes trabajos de asfaltado que se han pospuesto para reducir las molestias durante la temporada tur\u00edstica y minimizar las interferencias tanto para los residentes como para los visitantes.<\/p>\n\n\n\n<p>Adem\u00e1s de la mejora para el tr\u00e1fico rodado, la actuaci\u00f3n tambi\u00e9n ha tenido en cuenta la movilidad sostenible y de proximidad, con la habilitaci\u00f3n de dos nuevos pasos de peatones para mejorar la accesibilidad y la conexi\u00f3n transversal en el \u00e1rea de actuaci\u00f3n.<\/p>\n\n\n\n<p>Las obras, con un presupuesto global de 1,3 millones de euros, forman parte del segundo Plan de Sostenibilidad Tur\u00edstica de Gandia, con financiaci\u00f3n europea Next Generation, y tienen como objetivo la mejora de la movilidad urbana y la promoci\u00f3n de un entorno m\u00e1s seguro y sostenible.<\/p>\n","protected":false},"excerpt":{"rendered":"<p>El Ayuntamiento de Gandia informa que ma\u00f1ana mi\u00e9rcoles, a lo largo del d\u00eda, quedar\u00e1 abierta al tr\u00e1fico la intersecci\u00f3n entre la avenida del Puerto y la avenida del Grau. A partir de ma\u00f1ana, los veh\u00edculos podr\u00e1n incorporarse desde la avenida del Puerto a la avenida del Grau en direcci\u00f3n Grau-playa (a la derecha) y tambi\u00e9n&#8230;<\/p>\n","protected":false},"author":1,"featured_media":6674,"comment_status":"open","ping_status":"open","sticky":false,"template":"","format":"standard","meta":{"footnotes":""},"categories":[1,27],"tags":[],"class_list":["post-6673","post","type-post","status-publish","format-standard","has-post-thumbnail","hentry","category-actualidad","category-sociedad"],"_links":{"self":[{"href":"https:\/\/infogandia.es\/index.php\/wp-json\/wp\/v2\/posts\/6673","targetHints":{"allow":["GET"]}}],"collection":[{"href":"https:\/\/infogandia.es\/index.php\/wp-json\/wp\/v2\/posts"}],"about":[{"href":"https:\/\/infogandia.es\/index.php\/wp-json\/wp\/v2\/types\/post"}],"author":[{"embeddable":true,"href":"https:\/\/infogandia.es\/index.php\/wp-json\/wp\/v2\/users\/1"}],"replies":[{"embeddable":true,"href":"https:\/\/infogandia.es\/index.php\/wp-json\/wp\/v2\/comments?post=6673"}],"version-history":[{"count":1,"href":"https:\/\/infogandia.es\/index.php\/wp-json\/wp\/v2\/posts\/6673\/revisions"}],"predecessor-version":[{"id":6675,"href":"https:\/\/infogandia.es\/index.php\/wp-json\/wp\/v2\/posts\/6673\/revisions\/6675"}],"wp:featuredmedia":[{"embeddable":true,"href":"https:\/\/infogandia.es\/index.php\/wp-json\/wp\/v2\/media\/6674"}],"wp:attachment":[{"href":"https:\/\/infogandia.es\/index.php\/wp-json\/wp\/v2\/media?parent=6673"}],"wp:term":[{"taxonomy":"category","embeddable":true,"href":"https:\/\/infogandia.es\/index.php\/wp-json\/wp\/v2\/categories?post=6673"},{"taxonomy":"post_tag","embeddable":true,"href":"https:\/\/infogandia.es\/index.php\/wp-json\/wp\/v2\/tags?post=6673"}],"curies":[{"name":"wp","href":"https:\/\/api.w.org\/{rel}","templated":true}]}}