{"id":6676,"date":"2025-07-23T10:32:57","date_gmt":"2025-07-23T10:32:57","guid":{"rendered":"https:\/\/infogandia.es\/?p=6676"},"modified":"2025-07-23T10:32:58","modified_gmt":"2025-07-23T10:32:58","slug":"soler-exige-a-prieto-soluciones-ante-el-constante-caos-ferroviario-que-sufren-los-vecinos-de-gandia","status":"publish","type":"post","link":"https:\/\/infogandia.es\/index.php\/2025\/07\/23\/soler-exige-a-prieto-soluciones-ante-el-constante-caos-ferroviario-que-sufren-los-vecinos-de-gandia\/","title":{"rendered":"Soler exige a Prieto \u201csoluciones ante el constante caos ferroviario que sufren los vecinos de Gandia\u201d"},"content":{"rendered":"\n<p>El portavoz del Grupo Municipal Popular, V\u00edctor Soler, ha alzado la voz tras el nuevo episodio de caos ferroviario vivido ayer en Gandia, provocado por una aver\u00eda en la catenaria por falta de tensi\u00f3n.<\/p>\n\n\n\n<p>Soler ha querido representar a los numerosos viajeros afectados, no solo por esta incidencia concreta, sino por los continuos problemas que sufren a diario. Por ello, ha exigido al alcalde socialista, Jos\u00e9 Manuel Prieto, &#8220;acci\u00f3n y gesti\u00f3n real&#8221;.<\/p>\n\n\n\n<p>Para el edil popular, es &#8220;impermisible&#8221; que los usuarios sigan enfrent\u00e1ndose a retrasos de hasta tres horas &#8220;por la falta de gesti\u00f3n del Ministerio que dirige el jefe de Prieto, Pedro S\u00e1nchez&#8221;.<\/p>\n\n\n\n<p>Soler ha criticado duramente la actitud del alcalde, afirmando que &#8220;Prieto y S\u00e1nchez est\u00e1n completamente desconectados de las necesidades de la ciudadan\u00eda, y les da igual dejar a la gente tirada en plena calle, a 35 grados, incluso sabiendo que entre los afectados hay mayores y ni\u00f1os, quienes son m\u00e1s vulnerables a situaciones como esta&#8221;.<\/p>\n\n\n\n<p>Seg\u00fan Soler, Prieto se ha convertido en \u201cc\u00f3mplice del pasotismo del Gobierno socialista con el transporte de los ciudadanos de Gandia\u201d, acus\u00e1ndolo de limitarse a \u201chacerse la foto tras cada reuni\u00f3n con Adif, mientras el servicio de cercan\u00edas empeora d\u00eda tras d\u00eda\u201d.<\/p>\n\n\n\n<p>&#8220;Enga\u00f1a y marea a la ciudadan\u00eda con v\u00eddeos y anuncios de buenas noticias que nunca llegan&#8221;, ha se\u00f1alado el portavoz popular, denunciando que &#8220;la \u00fanica realidad es que la gente sigue esperando bajo el sol, mientras los socialistas deterioran los servicios p\u00fablicos y desv\u00edan los recursos a la corrupci\u00f3n, en lugar de invertir en algo tan esencial como el transporte&#8221;.<\/p>\n\n\n\n<p>Finalmente, Soler ha instado a Prieto a que \u201cdeje de desviar la atenci\u00f3n hablando de obras prometidas para 2026, con suerte, y se plante en Madrid de una vez para hacer algo \u00fatil: exigir a Adif y a su jefe, Pedro S\u00e1nchez, que dejen de tomarse a broma el transporte de los ciudadanos de la Safor\u201d.<\/p>\n","protected":false},"excerpt":{"rendered":"<p>El portavoz del Grupo Municipal Popular, V\u00edctor Soler, ha alzado la voz tras el nuevo episodio de caos ferroviario vivido ayer en Gandia, provocado por una aver\u00eda en la catenaria por falta de tensi\u00f3n. Soler ha querido representar a los numerosos viajeros afectados, no solo por esta incidencia concreta, sino por los continuos problemas que&#8230;<\/p>\n","protected":false},"author":1,"featured_media":6527,"comment_status":"open","ping_status":"open","sticky":false,"template":"","format":"standard","meta":{"footnotes":""},"categories":[1,27],"tags":[],"class_list":["post-6676","post","type-post","status-publish","format-standard","has-post-thumbnail","hentry","category-actualidad","category-sociedad"],"_links":{"self":[{"href":"https:\/\/infogandia.es\/index.php\/wp-json\/wp\/v2\/posts\/6676","targetHints":{"allow":["GET"]}}],"collection":[{"href":"https:\/\/infogandia.es\/index.php\/wp-json\/wp\/v2\/posts"}],"about":[{"href":"https:\/\/infogandia.es\/index.php\/wp-json\/wp\/v2\/types\/post"}],"author":[{"embeddable":true,"href":"https:\/\/infogandia.es\/index.php\/wp-json\/wp\/v2\/users\/1"}],"replies":[{"embeddable":true,"href":"https:\/\/infogandia.es\/index.php\/wp-json\/wp\/v2\/comments?post=6676"}],"version-history":[{"count":1,"href":"https:\/\/infogandia.es\/index.php\/wp-json\/wp\/v2\/posts\/6676\/revisions"}],"predecessor-version":[{"id":6677,"href":"https:\/\/infogandia.es\/index.php\/wp-json\/wp\/v2\/posts\/6676\/revisions\/6677"}],"wp:featuredmedia":[{"embeddable":true,"href":"https:\/\/infogandia.es\/index.php\/wp-json\/wp\/v2\/media\/6527"}],"wp:attachment":[{"href":"https:\/\/infogandia.es\/index.php\/wp-json\/wp\/v2\/media?parent=6676"}],"wp:term":[{"taxonomy":"category","embeddable":true,"href":"https:\/\/infogandia.es\/index.php\/wp-json\/wp\/v2\/categories?post=6676"},{"taxonomy":"post_tag","embeddable":true,"href":"https:\/\/infogandia.es\/index.php\/wp-json\/wp\/v2\/tags?post=6676"}],"curies":[{"name":"wp","href":"https:\/\/api.w.org\/{rel}","templated":true}]}}