{"id":6678,"date":"2025-07-23T10:34:39","date_gmt":"2025-07-23T10:34:39","guid":{"rendered":"https:\/\/infogandia.es\/?p=6678"},"modified":"2025-07-23T10:34:40","modified_gmt":"2025-07-23T10:34:40","slug":"las-asociaciones-de-victimas-de-la-dana-piden-en-la-diputacio-mayor-coordinacion-entre-instituciones-en-las-labores-de-reconstruccion","status":"publish","type":"post","link":"https:\/\/infogandia.es\/index.php\/2025\/07\/23\/las-asociaciones-de-victimas-de-la-dana-piden-en-la-diputacio-mayor-coordinacion-entre-instituciones-en-las-labores-de-reconstruccion\/","title":{"rendered":"Las asociaciones de v\u00edctimas de la DANA piden en la Diputaci\u00f3 mayor coordinaci\u00f3n entre instituciones en las labores de reconstrucci\u00f3n"},"content":{"rendered":"\n<p>La Diputaci\u00f3 de Val\u00e8ncia ha celebrado hoy la s\u00e9ptima sesi\u00f3n de la comisi\u00f3n de estudio de la gesti\u00f3n de la DANA, con la participaci\u00f3n de seis asociaciones de v\u00edctimas, as\u00ed como de varios alcaldes de municipios afectados por la cat\u00e1strofe del pasado 29 de octubre.<\/p>\n\n\n\n<p>Los portavoces de las asociaciones han coincidido en \u201cagradecer que la Diputaci\u00f3 de Val\u00e8ncia nos abra sus puertas y escuche nuestras propuestas y necesidades\u201d, al tiempo que han reclamado una \u201cmayor coordinaci\u00f3n por parte de las instituciones p\u00fablicas en las labores de reconstrucci\u00f3n\u201d, destacando que \u201cla ciudadan\u00eda necesita respuestas \u00e1giles, m\u00e1s all\u00e1 de las competencias de cada organismo\u201d.<\/p>\n\n\n\n<p>El presidente de la Diputaci\u00f3, Vicent Momp\u00f3, ha se\u00f1alado que \u201cla participaci\u00f3n de las asociaciones constituye un acto de justicia y de dignidad\u201d e insisti\u00f3 en que \u201csolo desde la reflexi\u00f3n y la autocr\u00edtica podremos establecer par\u00e1metros de actuaci\u00f3n m\u00e1s efectivos para estar mejor preparados ante posibles cat\u00e1strofes en el futuro\u201d. Momp\u00f3 ha subrayado que la Diputaci\u00f3 ha invertido ya m\u00e1s de 200 millones de euros en medidas de respuesta, aunque \u201ces fundamental escuchar y aprender de quienes han sufrido directamente las consecuencias\u201d.<\/p>\n\n\n\n<p>El presidente tambi\u00e9n ha dejado claro que \u201cdonde no nos van a encontrar es en el intento de convertir esta cat\u00e1strofe en una batalla pol\u00edtica\u201d, apelando a la unidad institucional: \u201cLas entidades p\u00fablicas debemos olvidar los colores pol\u00edticos y trabajar de forma conjunta y coordinada\u201d.<\/p>\n\n\n\n<h3 class=\"wp-block-heading\">Intervenciones de las asociaciones<\/h3>\n\n\n\n<p>Los representantes de las asociaciones han ocupado los esca\u00f1os del Sal\u00f3n de Plenos, expresando sus demandas de forma directa. Eva Fern\u00e1ndez, portavoz de <strong>Respaem (Red de Salvaguarda y Rescate del Patrimonio en Emergencia)<\/strong>, con sede en Aldaia, ha reclamado apoyo econ\u00f3mico para artistas y creadores afectados por la DANA.<\/p>\n\n\n\n<p>Por su parte, <strong>Christian Lesaec<\/strong>, de la <strong>Asociaci\u00f3n de Damnificados por la DANA Horta Sud<\/strong>, ha puesto el foco en la seguridad de viviendas junto a barrancos y en la necesidad de acelerar la reconstrucci\u00f3n de centros educativos da\u00f1ados. Tambi\u00e9n ha solicitado ayudas pendientes de la Generalitat y un plan de prevenci\u00f3n sanitaria por riesgos derivados de la contaminaci\u00f3n.<\/p>\n\n\n\n<p>Desde la <strong>Asociaci\u00f3n Ecos del Agua de Benet\u00fasser<\/strong>, Juan Carlos Lluesma ha reivindicado la necesidad de devolver la seguridad a las familias, mientras que <strong>Maril\u00f3 Gradol\u00ed<\/strong>, de la <strong>Asociaci\u00f3n de V\u00edctimas de la DANA 29 Octubre 2024<\/strong> (Catarroja), ha pedido una auditor\u00eda externa para esclarecer las muertes \u201cevitables por una alerta que no lleg\u00f3\u201d y exigir responsabilidades.<\/p>\n\n\n\n<p>Rosa \u00c1lvarez, de la <strong>Asociaci\u00f3n V\u00edctimas Mortales DANA 29-O<\/strong>, ha reclamado un modelo de reconstrucci\u00f3n que priorice el bienestar de las personas frente a intereses econ\u00f3micos, con contratos p\u00fablicos que apoyen a empresas con valores sociales y ambientales. Por \u00faltimo, <strong>Jaime Guillot<\/strong>, de la <strong>Asociaci\u00f3n de Vecinos Soci\u00f3polis Faitanar La Torre<\/strong>, ha destacado la importancia de recuperar la seguridad en las viviendas antes de la pr\u00f3xima temporada de lluvias.<\/p>\n\n\n\n<h3 class=\"wp-block-heading\">Participaci\u00f3n de alcaldes y grupos pol\u00edticos<\/h3>\n\n\n\n<p>La sesi\u00f3n tambi\u00e9n cont\u00f3 con la intervenci\u00f3n de los alcaldes de Aldaia, Pedralba, Alfafar, Massanassa, Utiel y Benet\u00fasser, quienes coincidieron en la necesidad de reforzar la atenci\u00f3n psicol\u00f3gica, mejorar la coordinaci\u00f3n institucional y acometer obras preventivas.<\/p>\n\n\n\n<p>Los portavoces de los grupos pol\u00edticos de la Diputaci\u00f3 (Ens Uneix, PP, PSPV, Comprom\u00eds y Vox) han mostrado su respaldo a las v\u00edctimas, valorando la funci\u00f3n de esta comisi\u00f3n como espacio de escucha y aprendizaje para evitar futuras tragedias.<\/p>\n","protected":false},"excerpt":{"rendered":"<p>La Diputaci\u00f3 de Val\u00e8ncia ha celebrado hoy la s\u00e9ptima sesi\u00f3n de la comisi\u00f3n de estudio de la gesti\u00f3n de la DANA, con la participaci\u00f3n de seis asociaciones de v\u00edctimas, as\u00ed como de varios alcaldes de municipios afectados por la cat\u00e1strofe del pasado 29 de octubre. Los portavoces de las asociaciones han coincidido en \u201cagradecer que&#8230;<\/p>\n","protected":false},"author":1,"featured_media":6679,"comment_status":"open","ping_status":"open","sticky":false,"template":"","format":"standard","meta":{"footnotes":""},"categories":[1],"tags":[],"class_list":["post-6678","post","type-post","status-publish","format-standard","has-post-thumbnail","hentry","category-actualidad"],"_links":{"self":[{"href":"https:\/\/infogandia.es\/index.php\/wp-json\/wp\/v2\/posts\/6678","targetHints":{"allow":["GET"]}}],"collection":[{"href":"https:\/\/infogandia.es\/index.php\/wp-json\/wp\/v2\/posts"}],"about":[{"href":"https:\/\/infogandia.es\/index.php\/wp-json\/wp\/v2\/types\/post"}],"author":[{"embeddable":true,"href":"https:\/\/infogandia.es\/index.php\/wp-json\/wp\/v2\/users\/1"}],"replies":[{"embeddable":true,"href":"https:\/\/infogandia.es\/index.php\/wp-json\/wp\/v2\/comments?post=6678"}],"version-history":[{"count":1,"href":"https:\/\/infogandia.es\/index.php\/wp-json\/wp\/v2\/posts\/6678\/revisions"}],"predecessor-version":[{"id":6680,"href":"https:\/\/infogandia.es\/index.php\/wp-json\/wp\/v2\/posts\/6678\/revisions\/6680"}],"wp:featuredmedia":[{"embeddable":true,"href":"https:\/\/infogandia.es\/index.php\/wp-json\/wp\/v2\/media\/6679"}],"wp:attachment":[{"href":"https:\/\/infogandia.es\/index.php\/wp-json\/wp\/v2\/media?parent=6678"}],"wp:term":[{"taxonomy":"category","embeddable":true,"href":"https:\/\/infogandia.es\/index.php\/wp-json\/wp\/v2\/categories?post=6678"},{"taxonomy":"post_tag","embeddable":true,"href":"https:\/\/infogandia.es\/index.php\/wp-json\/wp\/v2\/tags?post=6678"}],"curies":[{"name":"wp","href":"https:\/\/api.w.org\/{rel}","templated":true}]}}