{"id":6738,"date":"2025-07-31T11:47:33","date_gmt":"2025-07-31T11:47:33","guid":{"rendered":"https:\/\/infogandia.es\/?p=6738"},"modified":"2025-07-31T11:47:33","modified_gmt":"2025-07-31T11:47:33","slug":"la-musica-tradicional-castellana-y-el-fado-portugues-protagonizan-el-fin-de-semana-en-el-festival-polisonic-de-gandia","status":"publish","type":"post","link":"https:\/\/infogandia.es\/index.php\/2025\/07\/31\/la-musica-tradicional-castellana-y-el-fado-portugues-protagonizan-el-fin-de-semana-en-el-festival-polisonic-de-gandia\/","title":{"rendered":"La m\u00fasica tradicional castellana y el fado portugu\u00e9s protagonizan el fin de semana en el Festival Polis\u00f2nic de Gandia"},"content":{"rendered":"\n<p>El <strong>Festival Polis\u00f2nic<\/strong> contin\u00faa este fin de semana con dos conciertos muy esperados en el <strong>jard\u00edn de la Casa de Cultura Marqu\u00e9s de Gonz\u00e1lez de Quir\u00f3s<\/strong>, donde la m\u00fasica de ra\u00edz ser\u00e1 la protagonista. El <strong>viernes 1 y s\u00e1bado 2 de agosto<\/strong>, a las <strong>21:30 h<\/strong>, el p\u00fablico podr\u00e1 disfrutar de dos propuestas \u00fanicas que fusionan tradici\u00f3n, emoci\u00f3n y calidad art\u00edstica.<\/p>\n\n\n\n<p>El <strong>viernes<\/strong>, el escenario lo ocupar\u00e1n <strong>Hermanos Cubero<\/strong>, un d\u00fao que ha revolucionado la m\u00fasica popular castellana con un estilo propio que mezcla sonoridades tradicionales con est\u00e9tica country. Su originalidad y fidelidad a las ra\u00edces les han convertido en un referente de la m\u00fasica folk contempor\u00e1nea. En su \u00faltimo disco, <em>Cubero bueno, Cubero malo<\/em>, defienden un arte honesto y atemporal, alejado de modas y artificios tecnol\u00f3gicos.<\/p>\n\n\n\n<p>El <strong>s\u00e1bado<\/strong>, ser\u00e1 el turno del <strong>fado portugu\u00e9s<\/strong>, con la actuaci\u00f3n del reconocido cantante <strong>Francisco Moreira<\/strong>, una de las voces m\u00e1s destacadas de la nueva generaci\u00f3n de fadistas. Con tan solo 32 a\u00f1os, Moreira ha actuado en escenarios tan emblem\u00e1ticos como el <strong>Coliseu do Porto<\/strong> o la <strong>Casa da M\u00fasica de Lisboa<\/strong>, compartiendo cartel con grandes nombres del fado como <strong>Carminho<\/strong> o <strong>Maria da F\u00e9<\/strong>. En 2013, fue galardonado con el <strong>Gran Premio Nacional de Fado<\/strong> de la Radio Televisi\u00f3n Portuguesa.<\/p>\n\n\n\n<p>Las <strong>entradas<\/strong> para ambos conciertos pueden adquirirse en la <strong>Casa de Cultura de Gandia<\/strong> o en la web <strong>Vivaticket.es<\/strong>, con un precio general de <strong>10 euros<\/strong> y descuentos disponibles para titulares del <strong>Carnet Joven<\/strong> y <strong>personas pensionistas<\/strong>.<\/p>\n\n\n\n<p>Con esta programaci\u00f3n, el <strong>Festival Polis\u00f2nic 2025<\/strong> reafirma su apuesta por la m\u00fasica en directo de calidad y por acercar al p\u00fablico lo mejor de la tradici\u00f3n musical tanto nacional como internacional, en un entorno inmejorable al aire libre.<\/p>\n","protected":false},"excerpt":{"rendered":"<p>El Festival Polis\u00f2nic contin\u00faa este fin de semana con dos conciertos muy esperados en el jard\u00edn de la Casa de Cultura Marqu\u00e9s de Gonz\u00e1lez de Quir\u00f3s, donde la m\u00fasica de ra\u00edz ser\u00e1 la protagonista. El viernes 1 y s\u00e1bado 2 de agosto, a las 21:30 h, el p\u00fablico podr\u00e1 disfrutar de dos propuestas \u00fanicas que&#8230;<\/p>\n","protected":false},"author":1,"featured_media":6739,"comment_status":"open","ping_status":"open","sticky":false,"template":"","format":"standard","meta":{"footnotes":""},"categories":[1],"tags":[],"class_list":["post-6738","post","type-post","status-publish","format-standard","has-post-thumbnail","hentry","category-actualidad"],"_links":{"self":[{"href":"https:\/\/infogandia.es\/index.php\/wp-json\/wp\/v2\/posts\/6738","targetHints":{"allow":["GET"]}}],"collection":[{"href":"https:\/\/infogandia.es\/index.php\/wp-json\/wp\/v2\/posts"}],"about":[{"href":"https:\/\/infogandia.es\/index.php\/wp-json\/wp\/v2\/types\/post"}],"author":[{"embeddable":true,"href":"https:\/\/infogandia.es\/index.php\/wp-json\/wp\/v2\/users\/1"}],"replies":[{"embeddable":true,"href":"https:\/\/infogandia.es\/index.php\/wp-json\/wp\/v2\/comments?post=6738"}],"version-history":[{"count":1,"href":"https:\/\/infogandia.es\/index.php\/wp-json\/wp\/v2\/posts\/6738\/revisions"}],"predecessor-version":[{"id":6740,"href":"https:\/\/infogandia.es\/index.php\/wp-json\/wp\/v2\/posts\/6738\/revisions\/6740"}],"wp:featuredmedia":[{"embeddable":true,"href":"https:\/\/infogandia.es\/index.php\/wp-json\/wp\/v2\/media\/6739"}],"wp:attachment":[{"href":"https:\/\/infogandia.es\/index.php\/wp-json\/wp\/v2\/media?parent=6738"}],"wp:term":[{"taxonomy":"category","embeddable":true,"href":"https:\/\/infogandia.es\/index.php\/wp-json\/wp\/v2\/categories?post=6738"},{"taxonomy":"post_tag","embeddable":true,"href":"https:\/\/infogandia.es\/index.php\/wp-json\/wp\/v2\/tags?post=6738"}],"curies":[{"name":"wp","href":"https:\/\/api.w.org\/{rel}","templated":true}]}}