{"id":6741,"date":"2025-07-31T11:48:21","date_gmt":"2025-07-31T11:48:21","guid":{"rendered":"https:\/\/infogandia.es\/?p=6741"},"modified":"2025-07-31T11:48:21","modified_gmt":"2025-07-31T11:48:21","slug":"mas-de-1-000-personas-disfrutan-del-ciclo-una-mar-de-musiques-en-la-playa-de-gandia","status":"publish","type":"post","link":"https:\/\/infogandia.es\/index.php\/2025\/07\/31\/mas-de-1-000-personas-disfrutan-del-ciclo-una-mar-de-musiques-en-la-playa-de-gandia\/","title":{"rendered":"M\u00e1s de 1.000 personas disfrutan del ciclo \u201cUna mar de m\u00fasiques\u201d en la playa de Gandia"},"content":{"rendered":"\n<p>M\u00e1s de un millar de personas asistieron ayer al concierto ofrecido por la <strong>Banda de la Asociaci\u00f3n Musical del Grau de Gandia<\/strong>, dentro del exitoso ciclo <strong>\u201cUna mar de m\u00fasiques\u201d<\/strong>, que est\u00e1 llenando las noches de verano de cultura, m\u00fasica y participaci\u00f3n ciudadana en la playa de Gandia.<\/p>\n\n\n\n<p>El ciclo forma parte de la programaci\u00f3n del proyecto <strong>\u201cGandia a la mar\u201d<\/strong>, impulsado por el Departamento de Turismo del Ayuntamiento, que incluye m\u00e1s de <strong>300 actividades gratuitas<\/strong> pensadas para todos los p\u00fablicos a lo largo del verano.<\/p>\n\n\n\n<p>La propuesta musical continuar\u00e1 durante el mes de agosto con nuevas actuaciones destacadas:<\/p>\n\n\n\n<ul class=\"wp-block-list\">\n<li><strong>Mi\u00e9rcoles 6 de agosto:<\/strong> Banda Uni\u00f3 Art\u00edstic Musical Sant Francesc de Borja.<\/li>\n\n\n\n<li><strong>Mi\u00e9rcoles 13 de agosto:<\/strong> MEG\u00f2C \u2013 Modern Espai Gospel Cor.<\/li>\n\n\n\n<li><strong>Mi\u00e9rcoles 20 de agosto:<\/strong> Grup de Danses Rebombori de Gandia.<\/li>\n<\/ul>\n\n\n\n<p>Con este tipo de iniciativas, Gandia refuerza su compromiso con una <strong>oferta cultural accesible, diversa y de calidad<\/strong> en espacios al aire libre, acercando la m\u00fasica y las tradiciones a residentes y visitantes por igual.<\/p>\n","protected":false},"excerpt":{"rendered":"<p>M\u00e1s de un millar de personas asistieron ayer al concierto ofrecido por la Banda de la Asociaci\u00f3n Musical del Grau de Gandia, dentro del exitoso ciclo \u201cUna mar de m\u00fasiques\u201d, que est\u00e1 llenando las noches de verano de cultura, m\u00fasica y participaci\u00f3n ciudadana en la playa de Gandia. El ciclo forma parte de la programaci\u00f3n&#8230;<\/p>\n","protected":false},"author":1,"featured_media":6742,"comment_status":"open","ping_status":"open","sticky":false,"template":"","format":"standard","meta":{"footnotes":""},"categories":[1,27],"tags":[],"class_list":["post-6741","post","type-post","status-publish","format-standard","has-post-thumbnail","hentry","category-actualidad","category-sociedad"],"_links":{"self":[{"href":"https:\/\/infogandia.es\/index.php\/wp-json\/wp\/v2\/posts\/6741","targetHints":{"allow":["GET"]}}],"collection":[{"href":"https:\/\/infogandia.es\/index.php\/wp-json\/wp\/v2\/posts"}],"about":[{"href":"https:\/\/infogandia.es\/index.php\/wp-json\/wp\/v2\/types\/post"}],"author":[{"embeddable":true,"href":"https:\/\/infogandia.es\/index.php\/wp-json\/wp\/v2\/users\/1"}],"replies":[{"embeddable":true,"href":"https:\/\/infogandia.es\/index.php\/wp-json\/wp\/v2\/comments?post=6741"}],"version-history":[{"count":1,"href":"https:\/\/infogandia.es\/index.php\/wp-json\/wp\/v2\/posts\/6741\/revisions"}],"predecessor-version":[{"id":6743,"href":"https:\/\/infogandia.es\/index.php\/wp-json\/wp\/v2\/posts\/6741\/revisions\/6743"}],"wp:featuredmedia":[{"embeddable":true,"href":"https:\/\/infogandia.es\/index.php\/wp-json\/wp\/v2\/media\/6742"}],"wp:attachment":[{"href":"https:\/\/infogandia.es\/index.php\/wp-json\/wp\/v2\/media?parent=6741"}],"wp:term":[{"taxonomy":"category","embeddable":true,"href":"https:\/\/infogandia.es\/index.php\/wp-json\/wp\/v2\/categories?post=6741"},{"taxonomy":"post_tag","embeddable":true,"href":"https:\/\/infogandia.es\/index.php\/wp-json\/wp\/v2\/tags?post=6741"}],"curies":[{"name":"wp","href":"https:\/\/api.w.org\/{rel}","templated":true}]}}