{"id":6744,"date":"2025-07-31T11:48:55","date_gmt":"2025-07-31T11:48:55","guid":{"rendered":"https:\/\/infogandia.es\/?p=6744"},"modified":"2025-07-31T11:48:59","modified_gmt":"2025-07-31T11:48:59","slug":"el-club-de-rem-cia-gandia-recauda-mas-de-9-000-euros-en-su-v-reto-solidario-a-favor-de-la-lucha-contra-el-cancer-infantil","status":"publish","type":"post","link":"https:\/\/infogandia.es\/index.php\/2025\/07\/31\/el-club-de-rem-cia-gandia-recauda-mas-de-9-000-euros-en-su-v-reto-solidario-a-favor-de-la-lucha-contra-el-cancer-infantil\/","title":{"rendered":"El Club de Rem CIA Gandia recauda m\u00e1s de 9.000 euros en su V Reto Solidario a favor de la lucha contra el c\u00e1ncer infantil"},"content":{"rendered":"\n<p>El alcalde de Gandia, <strong>Jos\u00e9 Manuel Prieto<\/strong>, acompa\u00f1ado por el concejal de Deportes, <strong>Jes\u00fas Naveiro<\/strong>, y la concejala de Sanidad, <strong>Liduvina Gil<\/strong>, recibi\u00f3 ayer en el despacho de alcald\u00eda a representantes del <strong>Club de Rem CIA Gandia<\/strong> y de la delegaci\u00f3n local de la <strong>Asociaci\u00f3n Espa\u00f1ola Contra el C\u00e1ncer (AECC)<\/strong>.<\/p>\n\n\n\n<p>El encuentro tuvo como objetivo trasladar al consistorio los excelentes resultados del <strong>V Reto Solidario del Club de Rem<\/strong>, celebrado recientemente con un notable \u00e9xito de participaci\u00f3n y recaudaci\u00f3n.<\/p>\n\n\n\n<p>En esta quinta edici\u00f3n, el desaf\u00edo consist\u00eda en <strong>superar los 3.000 kil\u00f3metros remados<\/strong> y lograr la implicaci\u00f3n de entre <strong>800 y 1.000 personas<\/strong>. Tras tres intensas jornadas \u2014celebradas los d\u00edas <strong>11, 12 y 13 de julio<\/strong>\u2014, se alcanz\u00f3 una recaudaci\u00f3n total de <strong>9.422 euros<\/strong>.<\/p>\n\n\n\n<p>Los fondos obtenidos se destinar\u00e1n a la <strong>investigaci\u00f3n oncol\u00f3gica<\/strong> y al <strong>apoyo de familias con menores afectados por el c\u00e1ncer<\/strong>, en una iniciativa que vuelve a poner de relieve el compromiso del deporte gandiense con las causas sociales.<\/p>\n","protected":false},"excerpt":{"rendered":"<p>El alcalde de Gandia, Jos\u00e9 Manuel Prieto, acompa\u00f1ado por el concejal de Deportes, Jes\u00fas Naveiro, y la concejala de Sanidad, Liduvina Gil, recibi\u00f3 ayer en el despacho de alcald\u00eda a representantes del Club de Rem CIA Gandia y de la delegaci\u00f3n local de la Asociaci\u00f3n Espa\u00f1ola Contra el C\u00e1ncer (AECC). El encuentro tuvo como objetivo&#8230;<\/p>\n","protected":false},"author":1,"featured_media":6745,"comment_status":"open","ping_status":"open","sticky":false,"template":"","format":"standard","meta":{"footnotes":""},"categories":[1,4],"tags":[],"class_list":["post-6744","post","type-post","status-publish","format-standard","has-post-thumbnail","hentry","category-actualidad","category-deporte"],"_links":{"self":[{"href":"https:\/\/infogandia.es\/index.php\/wp-json\/wp\/v2\/posts\/6744","targetHints":{"allow":["GET"]}}],"collection":[{"href":"https:\/\/infogandia.es\/index.php\/wp-json\/wp\/v2\/posts"}],"about":[{"href":"https:\/\/infogandia.es\/index.php\/wp-json\/wp\/v2\/types\/post"}],"author":[{"embeddable":true,"href":"https:\/\/infogandia.es\/index.php\/wp-json\/wp\/v2\/users\/1"}],"replies":[{"embeddable":true,"href":"https:\/\/infogandia.es\/index.php\/wp-json\/wp\/v2\/comments?post=6744"}],"version-history":[{"count":1,"href":"https:\/\/infogandia.es\/index.php\/wp-json\/wp\/v2\/posts\/6744\/revisions"}],"predecessor-version":[{"id":6746,"href":"https:\/\/infogandia.es\/index.php\/wp-json\/wp\/v2\/posts\/6744\/revisions\/6746"}],"wp:featuredmedia":[{"embeddable":true,"href":"https:\/\/infogandia.es\/index.php\/wp-json\/wp\/v2\/media\/6745"}],"wp:attachment":[{"href":"https:\/\/infogandia.es\/index.php\/wp-json\/wp\/v2\/media?parent=6744"}],"wp:term":[{"taxonomy":"category","embeddable":true,"href":"https:\/\/infogandia.es\/index.php\/wp-json\/wp\/v2\/categories?post=6744"},{"taxonomy":"post_tag","embeddable":true,"href":"https:\/\/infogandia.es\/index.php\/wp-json\/wp\/v2\/tags?post=6744"}],"curies":[{"name":"wp","href":"https:\/\/api.w.org\/{rel}","templated":true}]}}