{"id":6747,"date":"2025-08-12T20:50:52","date_gmt":"2025-08-12T20:50:52","guid":{"rendered":"https:\/\/infogandia.es\/?p=6747"},"modified":"2025-08-12T20:50:53","modified_gmt":"2025-08-12T20:50:53","slug":"el-partido-popular-de-gandia-critica-la-tercera-remodelacion-del-gobierno-local-en-menos-de-dos-anos","status":"publish","type":"post","link":"https:\/\/infogandia.es\/index.php\/2025\/08\/12\/el-partido-popular-de-gandia-critica-la-tercera-remodelacion-del-gobierno-local-en-menos-de-dos-anos\/","title":{"rendered":"El Partido Popular de Gandia critica la tercera remodelaci\u00f3n del gobierno local en menos de dos a\u00f1os"},"content":{"rendered":"\n<p>El portavoz del Grupo Municipal del Partido Popular (PP) en Gandia, V\u00edctor Soler, ha valorado la reciente reestructuraci\u00f3n del equipo de gobierno municipal, la tercera que se produce en lo que va de legislatura.<\/p>\n\n\n\n<p>Soler considera que esta decisi\u00f3n evidencia \u201cla falta de organizaci\u00f3n y acierto\u201d en la gesti\u00f3n del alcalde, Jos\u00e9 Manuel Prieto, y ha afirmado que los cambios son recurrentes cada verano, lo que, a su juicio, \u201cconstata que el gobierno municipal carece de rumbo y de confianza interna\u201d.<\/p>\n\n\n\n<p>El portavoz popular ha criticado que las remodelaciones \u201csuponen un coste adicional para las arcas municipales\u201d, se\u00f1alando que \u201cun asesor cobra mucho menos que un director general\u201d. Asimismo, ha calificado al actual ejecutivo como \u201cel m\u00e1s caro de la historia de la ciudad\u201d y ha asegurado que Gandia se encuentra \u201cparada\u201d en t\u00e9rminos de desarrollo.<\/p>\n\n\n\n<p>Soler tambi\u00e9n ha reprochado la \u201cfalta de transparencia\u201d en la comunicaci\u00f3n de estas modificaciones, citando el caso de \u00d3scar Morant, cuya salida del gobierno no habr\u00eda sido anunciada por el alcalde. Ha acusado adem\u00e1s a Prieto de \u201cmarginalizar\u201d a algunos de sus fichajes y de \u201cceder todo el poder municipal al denominado Clan de Gandia\u201d.<\/p>\n\n\n\n<p>En relaci\u00f3n con la creaci\u00f3n de la Direcci\u00f3n General de Educaci\u00f3n, Soler ha sostenido que esta medida responde a un \u201cacuerdo pol\u00edtico con Comprom\u00eds\u201d y que implica una \u201cduplicidad de funciones\u201d respecto a la concejal\u00eda ya existente, lo que califica como \u201cun gasto innecesario\u201d.<\/p>\n\n\n\n<p>Finalmente, el portavoz del PP ha reiterado que la alternativa que necesita la ciudad es \u201cun cambio de gobierno\u201d que permita, en su opini\u00f3n, \u201cabrir Gandia a nuevas oportunidades, fomentar el empleo de calidad y garantizar un futuro pr\u00f3spero\u201d.<\/p>\n","protected":false},"excerpt":{"rendered":"<p>El portavoz del Grupo Municipal del Partido Popular (PP) en Gandia, V\u00edctor Soler, ha valorado la reciente reestructuraci\u00f3n del equipo de gobierno municipal, la tercera que se produce en lo que va de legislatura. Soler considera que esta decisi\u00f3n evidencia \u201cla falta de organizaci\u00f3n y acierto\u201d en la gesti\u00f3n del alcalde, Jos\u00e9 Manuel Prieto, y&#8230;<\/p>\n","protected":false},"author":1,"featured_media":6749,"comment_status":"open","ping_status":"open","sticky":false,"template":"","format":"standard","meta":{"footnotes":""},"categories":[1,3],"tags":[],"class_list":["post-6747","post","type-post","status-publish","format-standard","has-post-thumbnail","hentry","category-actualidad","category-politica"],"_links":{"self":[{"href":"https:\/\/infogandia.es\/index.php\/wp-json\/wp\/v2\/posts\/6747","targetHints":{"allow":["GET"]}}],"collection":[{"href":"https:\/\/infogandia.es\/index.php\/wp-json\/wp\/v2\/posts"}],"about":[{"href":"https:\/\/infogandia.es\/index.php\/wp-json\/wp\/v2\/types\/post"}],"author":[{"embeddable":true,"href":"https:\/\/infogandia.es\/index.php\/wp-json\/wp\/v2\/users\/1"}],"replies":[{"embeddable":true,"href":"https:\/\/infogandia.es\/index.php\/wp-json\/wp\/v2\/comments?post=6747"}],"version-history":[{"count":1,"href":"https:\/\/infogandia.es\/index.php\/wp-json\/wp\/v2\/posts\/6747\/revisions"}],"predecessor-version":[{"id":6750,"href":"https:\/\/infogandia.es\/index.php\/wp-json\/wp\/v2\/posts\/6747\/revisions\/6750"}],"wp:featuredmedia":[{"embeddable":true,"href":"https:\/\/infogandia.es\/index.php\/wp-json\/wp\/v2\/media\/6749"}],"wp:attachment":[{"href":"https:\/\/infogandia.es\/index.php\/wp-json\/wp\/v2\/media?parent=6747"}],"wp:term":[{"taxonomy":"category","embeddable":true,"href":"https:\/\/infogandia.es\/index.php\/wp-json\/wp\/v2\/categories?post=6747"},{"taxonomy":"post_tag","embeddable":true,"href":"https:\/\/infogandia.es\/index.php\/wp-json\/wp\/v2\/tags?post=6747"}],"curies":[{"name":"wp","href":"https:\/\/api.w.org\/{rel}","templated":true}]}}