{"id":6768,"date":"2025-08-26T11:57:30","date_gmt":"2025-08-26T11:57:30","guid":{"rendered":"https:\/\/infogandia.es\/?p=6768"},"modified":"2025-08-26T11:57:30","modified_gmt":"2025-08-26T11:57:30","slug":"el-pp-acusa-a-prieto-de-mentir-tras-anunciar-pactos-en-agosto-y-cogerse-todo-el-mes-de-vacaciones","status":"publish","type":"post","link":"https:\/\/infogandia.es\/index.php\/2025\/08\/26\/el-pp-acusa-a-prieto-de-mentir-tras-anunciar-pactos-en-agosto-y-cogerse-todo-el-mes-de-vacaciones\/","title":{"rendered":"El PP acusa a Prieto de &#8220;mentir&#8221; tras anunciar pactos en agosto y cogerse todo el mes de vacaciones"},"content":{"rendered":"\n<p>El portavoz del Grupo Municipal Popular, <strong>V\u00edctor Soler<\/strong>, acompa\u00f1ado por la concejala <strong>Rosabel Borrull<\/strong>, ha denunciado este mi\u00e9rcoles la \u201cfalta de compromiso\u201d del alcalde socialista, Jos\u00e9 Manuel Prieto, a quien acusa de anunciar en el pleno que agosto ser\u00eda un mes de trabajo conjunto mientras, en realidad, \u201cse ha cogido todo el mes de vacaciones\u201d.<\/p>\n\n\n\n<p>En rueda de prensa, Soler ha lamentado que Prieto no haya asistido a ninguna de las reuniones convocadas por el PP para negociar asuntos que consideran de m\u00e1xima importancia, como la vivienda o la seguridad. Tampoco, a\u00f1aden, ha contestado a correos ni registros de entrada. \u201cTodo el mundo tiene derecho a unas vacaciones, pero no a mentir. El alcalde no puede dar un discurso en el pleno diciendo que agosto es un mes para trabajar conjuntamente si despu\u00e9s va a irse de vacaciones todo el mes y nos va a dejar tirados. Eso es una irresponsabilidad y una falta de lealtad institucional\u201d, ha subrayado el dirigente popular.<\/p>\n\n\n\n<p>Soler ha asegurado que el propio Ayuntamiento confirm\u00f3, a trav\u00e9s de un Decreto de Alcald\u00eda, que Prieto solo trabajar\u00e1 siete d\u00edas en agosto, \u201ccoincidiendo, adem\u00e1s, con actos protocolarios y sociales\u201d. Para el portavoz popular, este hecho evidencia que \u201cJos\u00e9 Manuel Prieto es el alcalde de la foto, del v\u00eddeo y del discurso, pero nunca est\u00e1 cuando toca hablar de lo importante\u201d.<\/p>\n\n\n\n<h3 class=\"wp-block-heading\">Propuestas para el pacto de buena pol\u00edtica<\/h3>\n\n\n\n<p>Pese a la ausencia del alcalde, el PP ha presentado en la comparecencia sus propuestas para el <strong>Pacto de Buena Pol\u00edtica, Transparencia y Buen Gobierno<\/strong>, que buscan, seg\u00fan explicaron, reforzar la participaci\u00f3n ciudadana y la rendici\u00f3n de cuentas. Entre ellas destacan:<\/p>\n\n\n\n<ol class=\"wp-block-list\">\n<li>La <strong>celebraci\u00f3n anual del Debate sobre el Estado de la Ciudad<\/strong>, tal y como marca la legislaci\u00f3n y que, aseguran, no se convoca desde que Prieto es alcalde.<\/li>\n\n\n\n<li>Un <strong>acuerdo para garantizar el uso no partidista<\/strong> de los canales institucionales del Ayuntamiento.<\/li>\n\n\n\n<li><strong>Incrementar de manera significativa la partida de presupuestos participativos<\/strong>, actualmente \u201cde cuant\u00eda muy baja\u201d.<\/li>\n\n\n\n<li>La <strong>actualizaci\u00f3n de la Carta de Participaci\u00f3n Ciudadana<\/strong> para ampliar los mecanismos de implicaci\u00f3n vecinal.<\/li>\n\n\n\n<li><strong>Permitir la presencia de los grupos de la oposici\u00f3n<\/strong>, con voz pero sin voto, en las Juntas de Gobierno.<\/li>\n\n\n\n<li>Dar un <strong>car\u00e1cter p\u00fablico y abierto a las Juntas de Portavoces<\/strong>.<\/li>\n<\/ol>\n\n\n\n<p>Por su parte, la concejala <strong>Rosabel Borrull<\/strong> ha expuesto las enmiendas populares al borrador del pacto elaborado por Prieto en solitario. En ellas, el PP pide que se voten m\u00e1s propuestas en el pleno \u201cpara evitar los brindis al sol pol\u00edticos\u201d y reclama <strong>celeridad<\/strong> en la aplicaci\u00f3n de cambios como la reforma del Reglamento Org\u00e1nico del Pleno (ROPLE) y la constituci\u00f3n de la Comisi\u00f3n Municipal de Ruegos y Sugerencias, con un plazo m\u00e1ximo de seis meses.<\/p>\n\n\n\n<p>\u201cEn definitiva, pedimos gesti\u00f3n y acci\u00f3n en lugar de palabras\u201d, concluy\u00f3 Borrull.<\/p>\n","protected":false},"excerpt":{"rendered":"<p>El portavoz del Grupo Municipal Popular, V\u00edctor Soler, acompa\u00f1ado por la concejala Rosabel Borrull, ha denunciado este mi\u00e9rcoles la \u201cfalta de compromiso\u201d del alcalde socialista, Jos\u00e9 Manuel Prieto, a quien acusa de anunciar en el pleno que agosto ser\u00eda un mes de trabajo conjunto mientras, en realidad, \u201cse ha cogido todo el mes de vacaciones\u201d&#8230;.<\/p>\n","protected":false},"author":1,"featured_media":6766,"comment_status":"open","ping_status":"open","sticky":false,"template":"","format":"standard","meta":{"footnotes":""},"categories":[1,3],"tags":[],"class_list":["post-6768","post","type-post","status-publish","format-standard","has-post-thumbnail","hentry","category-actualidad","category-politica"],"_links":{"self":[{"href":"https:\/\/infogandia.es\/index.php\/wp-json\/wp\/v2\/posts\/6768","targetHints":{"allow":["GET"]}}],"collection":[{"href":"https:\/\/infogandia.es\/index.php\/wp-json\/wp\/v2\/posts"}],"about":[{"href":"https:\/\/infogandia.es\/index.php\/wp-json\/wp\/v2\/types\/post"}],"author":[{"embeddable":true,"href":"https:\/\/infogandia.es\/index.php\/wp-json\/wp\/v2\/users\/1"}],"replies":[{"embeddable":true,"href":"https:\/\/infogandia.es\/index.php\/wp-json\/wp\/v2\/comments?post=6768"}],"version-history":[{"count":1,"href":"https:\/\/infogandia.es\/index.php\/wp-json\/wp\/v2\/posts\/6768\/revisions"}],"predecessor-version":[{"id":6769,"href":"https:\/\/infogandia.es\/index.php\/wp-json\/wp\/v2\/posts\/6768\/revisions\/6769"}],"wp:featuredmedia":[{"embeddable":true,"href":"https:\/\/infogandia.es\/index.php\/wp-json\/wp\/v2\/media\/6766"}],"wp:attachment":[{"href":"https:\/\/infogandia.es\/index.php\/wp-json\/wp\/v2\/media?parent=6768"}],"wp:term":[{"taxonomy":"category","embeddable":true,"href":"https:\/\/infogandia.es\/index.php\/wp-json\/wp\/v2\/categories?post=6768"},{"taxonomy":"post_tag","embeddable":true,"href":"https:\/\/infogandia.es\/index.php\/wp-json\/wp\/v2\/tags?post=6768"}],"curies":[{"name":"wp","href":"https:\/\/api.w.org\/{rel}","templated":true}]}}