{"id":6785,"date":"2025-08-20T12:05:36","date_gmt":"2025-08-20T12:05:36","guid":{"rendered":"https:\/\/infogandia.es\/?p=6785"},"modified":"2025-08-26T12:06:27","modified_gmt":"2025-08-26T12:06:27","slug":"el-pp-presenta-sus-propuestas-al-pacto-de-ciudad-por-las-infraestructuras-y-movilidad-y-reclama-responsabilidad-al-alcalde-prieto","status":"publish","type":"post","link":"https:\/\/infogandia.es\/index.php\/2025\/08\/20\/el-pp-presenta-sus-propuestas-al-pacto-de-ciudad-por-las-infraestructuras-y-movilidad-y-reclama-responsabilidad-al-alcalde-prieto\/","title":{"rendered":"El PP presenta sus propuestas al Pacto de Ciudad por las Infraestructuras y Movilidad y reclama responsabilidad al alcalde Prieto"},"content":{"rendered":"\n<p>El portavoz del Grupo Municipal Popular, <strong>V\u00edctor Soler<\/strong>, ha presentado hoy las enmiendas y propuestas de su formaci\u00f3n al borrador del <strong>Pacto de Ciudad por las Infraestructuras y Movilidad<\/strong>, remitido por el alcalde socialista Jos\u00e9 Manuel Prieto.<\/p>\n\n\n\n<p>Soler destac\u00f3 que \u201clas infraestructuras son una de las materias m\u00e1s importantes para el desarrollo de cualquier ciudad\u201d y lament\u00f3 el \u201cd\u00e9ficit hist\u00f3rico de inversiones\u201d que, a su juicio, ha perjudicado a Gandia. En este sentido, afirm\u00f3 que \u201cponer a Gandia en el centro es una prioridad para el Grupo Popular\u201d.<\/p>\n\n\n\n<p>El edil popular tambi\u00e9n critic\u00f3 la falta de implicaci\u00f3n del alcalde:<\/p>\n\n\n\n<blockquote class=\"wp-block-quote is-layout-flow wp-block-quote-is-layout-flow\">\n<p>\u201cPrieto nos ha dado plant\u00f3n en las cuatro reuniones que le hemos solicitado para pactar y ni siquiera ha contestado a los correos enviados. Es muy dif\u00edcil trabajar por Gandia con un alcalde que pide pactos y luego desaparece para irse de vacaciones, m\u00e1s pendiente de sus redes sociales que de los problemas reales de la ciudad\u201d.<\/p>\n<\/blockquote>\n\n\n\n<h3 class=\"wp-block-heading\">Propuestas en materia de infraestructuras<\/h3>\n\n\n\n<p>El PP ha puesto sobre la mesa una serie de medidas concretas, entre las que destacan:<\/p>\n\n\n\n<ul class=\"wp-block-list\">\n<li><strong>Enlace directo con el Corredor Mediterr\u00e1neo<\/strong> y mejora de las conexiones ferroviarias con la Marina Alta.<\/li>\n\n\n\n<li><strong>Creaci\u00f3n de un enlace sur entre la AP-7 y la CV-60<\/strong> y un acceso directo de Gandia a la AP-7.<\/li>\n\n\n\n<li><strong>Nuevo acceso sur a la playa de Gandia<\/strong> para descongestionar el tr\u00e1fico en temporada alta.<\/li>\n\n\n\n<li>Instalaci\u00f3n inmediata de <strong>marquesinas en todas las paradas del autob\u00fas urbano<\/strong>, con el fin de mejorar la comodidad y seguridad de los usuarios.<\/li>\n<\/ul>\n\n\n\n<h3 class=\"wp-block-heading\">Propuestas en materia de movilidad<\/h3>\n\n\n\n<p>En el \u00e1mbito urbano, Soler ha planteado otras medidas como:<\/p>\n\n\n\n<ul class=\"wp-block-list\">\n<li>Garantizar la <strong>circulaci\u00f3n sin restricciones por las calles Carmelitas y Jesuitas<\/strong> una vez finalizadas las obras.<\/li>\n\n\n\n<li>Recuperar el tr\u00e1fico de veh\u00edculos en la <strong>avenida de la Pau<\/strong> y en el entorno de la iglesia de Sant Nicolau.<\/li>\n\n\n\n<li><strong>Permitir la circulaci\u00f3n de veh\u00edculos en la primera l\u00ednea de la playa de Gandia<\/strong> en determinados horarios, respetando los periodos de m\u00e1xima afluencia tur\u00edstica. \u201cLo que es innegociable \u2013subray\u00f3\u2013 es que la Marina vuelva a pasar siempre por la primera l\u00ednea de nuestra playa\u201d.<\/li>\n<\/ul>\n\n\n\n<p>Finalmente, el portavoz popular insisti\u00f3 en la necesidad de que el alcalde \u201cmuestre voluntad pol\u00edtica y colabore en la constituci\u00f3n de las comisiones de trabajo que solicitamos ya el pasado 4 de agosto\u201d.<\/p>\n\n\n\n<blockquote class=\"wp-block-quote is-layout-flow wp-block-quote-is-layout-flow\">\n<p>\u201cDesde el Grupo Popular seguiremos trabajando por Gandia y dando importancia a lo que realmente la merece\u201d, concluy\u00f3 Soler.<\/p>\n<\/blockquote>\n","protected":false},"excerpt":{"rendered":"<p>El portavoz del Grupo Municipal Popular, V\u00edctor Soler, ha presentado hoy las enmiendas y propuestas de su formaci\u00f3n al borrador del Pacto de Ciudad por las Infraestructuras y Movilidad, remitido por el alcalde socialista Jos\u00e9 Manuel Prieto. Soler destac\u00f3 que \u201clas infraestructuras son una de las materias m\u00e1s importantes para el desarrollo de cualquier ciudad\u201d&#8230;<\/p>\n","protected":false},"author":1,"featured_media":6786,"comment_status":"open","ping_status":"open","sticky":false,"template":"","format":"standard","meta":{"footnotes":""},"categories":[1,3],"tags":[],"class_list":["post-6785","post","type-post","status-publish","format-standard","has-post-thumbnail","hentry","category-actualidad","category-politica"],"_links":{"self":[{"href":"https:\/\/infogandia.es\/index.php\/wp-json\/wp\/v2\/posts\/6785","targetHints":{"allow":["GET"]}}],"collection":[{"href":"https:\/\/infogandia.es\/index.php\/wp-json\/wp\/v2\/posts"}],"about":[{"href":"https:\/\/infogandia.es\/index.php\/wp-json\/wp\/v2\/types\/post"}],"author":[{"embeddable":true,"href":"https:\/\/infogandia.es\/index.php\/wp-json\/wp\/v2\/users\/1"}],"replies":[{"embeddable":true,"href":"https:\/\/infogandia.es\/index.php\/wp-json\/wp\/v2\/comments?post=6785"}],"version-history":[{"count":1,"href":"https:\/\/infogandia.es\/index.php\/wp-json\/wp\/v2\/posts\/6785\/revisions"}],"predecessor-version":[{"id":6787,"href":"https:\/\/infogandia.es\/index.php\/wp-json\/wp\/v2\/posts\/6785\/revisions\/6787"}],"wp:featuredmedia":[{"embeddable":true,"href":"https:\/\/infogandia.es\/index.php\/wp-json\/wp\/v2\/media\/6786"}],"wp:attachment":[{"href":"https:\/\/infogandia.es\/index.php\/wp-json\/wp\/v2\/media?parent=6785"}],"wp:term":[{"taxonomy":"category","embeddable":true,"href":"https:\/\/infogandia.es\/index.php\/wp-json\/wp\/v2\/categories?post=6785"},{"taxonomy":"post_tag","embeddable":true,"href":"https:\/\/infogandia.es\/index.php\/wp-json\/wp\/v2\/tags?post=6785"}],"curies":[{"name":"wp","href":"https:\/\/api.w.org\/{rel}","templated":true}]}}