{"id":6792,"date":"2025-08-22T12:08:52","date_gmt":"2025-08-22T12:08:52","guid":{"rendered":"https:\/\/infogandia.es\/?p=6792"},"modified":"2025-08-26T12:09:21","modified_gmt":"2025-08-26T12:09:21","slug":"esther-sapena-visita-la-nueva-subseu-de-la-universitat-popular-de-gandia","status":"publish","type":"post","link":"https:\/\/infogandia.es\/index.php\/2025\/08\/22\/esther-sapena-visita-la-nueva-subseu-de-la-universitat-popular-de-gandia\/","title":{"rendered":"Esther Sapena visita la nueva subseu de la Universitat Popular de Gandia"},"content":{"rendered":"\n<p>La regidora de Educaci\u00f3n, <strong>Esther Sapena<\/strong>, ha visitado las obras de la <strong>nueva subseu de la Universitat Popular de Gandia (UPG)<\/strong>, situada en el barrio del Raval. Seg\u00fan la edil, el proyecto se encuentra pr\u00e1cticamente finalizado y estar\u00e1 listo para el inicio del <strong>curso 2025-2026<\/strong>.<\/p>\n\n\n\n<p>Se trata de un <strong>espacio amplio y moderno<\/strong> que permitir\u00e1 ampliar la oferta formativa tanto en cantidad como en calidad. La nueva subseu facilitar\u00e1 la puesta en marcha de <strong>m\u00e1s cursos, nuevas modalidades y un aumento del n\u00famero de plazas<\/strong>, lo que reducir\u00e1 las listas de espera y dar\u00e1 respuesta a las propuestas educativas m\u00e1s demandadas por la ciudadan\u00eda, seg\u00fan destac\u00f3 Sapena.<\/p>\n\n\n\n<p>Adem\u00e1s, la responsable de Educaci\u00f3n se\u00f1al\u00f3 que el centro tendr\u00e1 un <strong>impacto positivo en el funcionamiento general de la UPG<\/strong>: los antiguos alumnos podr\u00e1n continuar con cursos de perfeccionamiento, mientras que los nuevos estudiantes dispondr\u00e1n de cursos de iniciaci\u00f3n adaptados a su nivel y conocimientos.<\/p>\n\n\n\n<p>La regidora mostr\u00f3 su satisfacci\u00f3n por la evoluci\u00f3n del proyecto y adelant\u00f3 que en <strong>septiembre se presentar\u00e1 toda la informaci\u00f3n sobre cursos, horarios y procedimientos de inscripci\u00f3n<\/strong>. \u201cEsperamos a todos y a todas en la nueva subseu de la UPG, que nace con la vocaci\u00f3n de seguir creciendo y abri\u00e9ndose a la ciudad\u201d, concluy\u00f3 Sapena.<\/p>\n","protected":false},"excerpt":{"rendered":"<p>La regidora de Educaci\u00f3n, Esther Sapena, ha visitado las obras de la nueva subseu de la Universitat Popular de Gandia (UPG), situada en el barrio del Raval. Seg\u00fan la edil, el proyecto se encuentra pr\u00e1cticamente finalizado y estar\u00e1 listo para el inicio del curso 2025-2026. Se trata de un espacio amplio y moderno que permitir\u00e1&#8230;<\/p>\n","protected":false},"author":1,"featured_media":6793,"comment_status":"open","ping_status":"open","sticky":false,"template":"","format":"standard","meta":{"footnotes":""},"categories":[1,3],"tags":[],"class_list":["post-6792","post","type-post","status-publish","format-standard","has-post-thumbnail","hentry","category-actualidad","category-politica"],"_links":{"self":[{"href":"https:\/\/infogandia.es\/index.php\/wp-json\/wp\/v2\/posts\/6792","targetHints":{"allow":["GET"]}}],"collection":[{"href":"https:\/\/infogandia.es\/index.php\/wp-json\/wp\/v2\/posts"}],"about":[{"href":"https:\/\/infogandia.es\/index.php\/wp-json\/wp\/v2\/types\/post"}],"author":[{"embeddable":true,"href":"https:\/\/infogandia.es\/index.php\/wp-json\/wp\/v2\/users\/1"}],"replies":[{"embeddable":true,"href":"https:\/\/infogandia.es\/index.php\/wp-json\/wp\/v2\/comments?post=6792"}],"version-history":[{"count":1,"href":"https:\/\/infogandia.es\/index.php\/wp-json\/wp\/v2\/posts\/6792\/revisions"}],"predecessor-version":[{"id":6794,"href":"https:\/\/infogandia.es\/index.php\/wp-json\/wp\/v2\/posts\/6792\/revisions\/6794"}],"wp:featuredmedia":[{"embeddable":true,"href":"https:\/\/infogandia.es\/index.php\/wp-json\/wp\/v2\/media\/6793"}],"wp:attachment":[{"href":"https:\/\/infogandia.es\/index.php\/wp-json\/wp\/v2\/media?parent=6792"}],"wp:term":[{"taxonomy":"category","embeddable":true,"href":"https:\/\/infogandia.es\/index.php\/wp-json\/wp\/v2\/categories?post=6792"},{"taxonomy":"post_tag","embeddable":true,"href":"https:\/\/infogandia.es\/index.php\/wp-json\/wp\/v2\/tags?post=6792"}],"curies":[{"name":"wp","href":"https:\/\/api.w.org\/{rel}","templated":true}]}}