{"id":6795,"date":"2025-08-25T12:09:53","date_gmt":"2025-08-25T12:09:53","guid":{"rendered":"https:\/\/infogandia.es\/?p=6795"},"modified":"2025-08-26T12:10:51","modified_gmt":"2025-08-26T12:10:51","slug":"gandia-abre-el-plazo-de-inscripcion-para-las-bandas-del-tio-de-la-porra-2025-el-1-de-septiembre","status":"publish","type":"post","link":"https:\/\/infogandia.es\/index.php\/2025\/08\/25\/gandia-abre-el-plazo-de-inscripcion-para-las-bandas-del-tio-de-la-porra-2025-el-1-de-septiembre\/","title":{"rendered":"Gandia abre el plazo de inscripci\u00f3n para las bandas del Tio de la Porra 2025 el 1 de septiembre"},"content":{"rendered":"\n<p>Gandia se prepara para revivir una de sus tradiciones m\u00e1s queridas: las <strong>bandas del Tio de la Porra<\/strong>. A partir del <strong>1 de septiembre, a las 9:00 horas<\/strong>, se abrir\u00e1 el plazo de inscripci\u00f3n para todos aquellos que deseen participar en este acto, que marca el inicio de la <strong>Fira i Festes<\/strong>.<\/p>\n\n\n\n<p>La convocatoria contempla dos categor\u00edas:<\/p>\n\n\n\n<ul class=\"wp-block-list\">\n<li><strong>Estudiantes<\/strong> de entre 16 y 22 a\u00f1os (nacidos entre 2003 y 2009), empadronados en Gandia y cursando estudios en alg\u00fan centro educativo.<\/li>\n\n\n\n<li><strong>S\u00e9nior<\/strong>, mayores de 40 a\u00f1os, que tambi\u00e9n deben acreditar su empadronamiento en la ciudad.<\/li>\n<\/ul>\n\n\n\n<p>El plazo de inscripci\u00f3n estar\u00e1 abierto hasta el <strong>10 de septiembre<\/strong> y se realizar\u00e1 de manera <strong>telem\u00e1tica<\/strong> a trav\u00e9s de <a href=\"http:\/\/www.gandia.es\">www.gandia.es<\/a>. Posteriormente, el <strong>sorteo p\u00fablico<\/strong> que determinar\u00e1 los participantes se celebrar\u00e1 el <strong>viernes 12 de septiembre a las 19:00 horas<\/strong> en la <strong>Casa de Cultura Marqu\u00e9s de Gonz\u00e1lez de Quir\u00f3s<\/strong>.<\/p>\n\n\n\n<p>Una vez confirmada la lista definitiva, comenzar\u00e1 el calendario de reuniones y ensayos:<\/p>\n\n\n\n<ul class=\"wp-block-list\">\n<li><strong>Lunes 15 de septiembre:<\/strong> formaci\u00f3n de bandas, a las 19:00 horas para estudiantes y a las 20:00 horas para s\u00e9nior.<\/li>\n\n\n\n<li><strong>Viernes 19 de septiembre:<\/strong> primer ensayo obligatorio en el jard\u00edn de la Casa de Cultura, con reparto de vestuario e instrumentos.<\/li>\n\n\n\n<li><strong>S\u00e1bado 20 de septiembre:<\/strong> ensayo general a las 12:00 horas, con salida desde la plaza Mayor y recorrido por las principales calles de la ciudad.<\/li>\n\n\n\n<li><strong>Del 29 de septiembre al 2 de octubre:<\/strong> cuatro ensayos previos en el Pol\u00edgono Benieto; estudiantes de 19:00 a 20:30 horas y s\u00e9nior de 20:30 a 21:30 horas.<\/li>\n<\/ul>\n\n\n\n<p>Con esta convocatoria, el Ayuntamiento de Gandia reafirma su compromiso por <strong>mantener viva una tradici\u00f3n que cada a\u00f1o emociona a la ciudadan\u00eda<\/strong> y marca el esperado inicio de la Fira i Festes.<\/p>\n","protected":false},"excerpt":{"rendered":"<p>Gandia se prepara para revivir una de sus tradiciones m\u00e1s queridas: las bandas del Tio de la Porra. A partir del 1 de septiembre, a las 9:00 horas, se abrir\u00e1 el plazo de inscripci\u00f3n para todos aquellos que deseen participar en este acto, que marca el inicio de la Fira i Festes. La convocatoria contempla&#8230;<\/p>\n","protected":false},"author":1,"featured_media":6796,"comment_status":"open","ping_status":"open","sticky":false,"template":"","format":"standard","meta":{"footnotes":""},"categories":[1,27],"tags":[],"class_list":["post-6795","post","type-post","status-publish","format-standard","has-post-thumbnail","hentry","category-actualidad","category-sociedad"],"_links":{"self":[{"href":"https:\/\/infogandia.es\/index.php\/wp-json\/wp\/v2\/posts\/6795","targetHints":{"allow":["GET"]}}],"collection":[{"href":"https:\/\/infogandia.es\/index.php\/wp-json\/wp\/v2\/posts"}],"about":[{"href":"https:\/\/infogandia.es\/index.php\/wp-json\/wp\/v2\/types\/post"}],"author":[{"embeddable":true,"href":"https:\/\/infogandia.es\/index.php\/wp-json\/wp\/v2\/users\/1"}],"replies":[{"embeddable":true,"href":"https:\/\/infogandia.es\/index.php\/wp-json\/wp\/v2\/comments?post=6795"}],"version-history":[{"count":1,"href":"https:\/\/infogandia.es\/index.php\/wp-json\/wp\/v2\/posts\/6795\/revisions"}],"predecessor-version":[{"id":6797,"href":"https:\/\/infogandia.es\/index.php\/wp-json\/wp\/v2\/posts\/6795\/revisions\/6797"}],"wp:featuredmedia":[{"embeddable":true,"href":"https:\/\/infogandia.es\/index.php\/wp-json\/wp\/v2\/media\/6796"}],"wp:attachment":[{"href":"https:\/\/infogandia.es\/index.php\/wp-json\/wp\/v2\/media?parent=6795"}],"wp:term":[{"taxonomy":"category","embeddable":true,"href":"https:\/\/infogandia.es\/index.php\/wp-json\/wp\/v2\/categories?post=6795"},{"taxonomy":"post_tag","embeddable":true,"href":"https:\/\/infogandia.es\/index.php\/wp-json\/wp\/v2\/tags?post=6795"}],"curies":[{"name":"wp","href":"https:\/\/api.w.org\/{rel}","templated":true}]}}