{"id":6801,"date":"2025-08-26T12:13:39","date_gmt":"2025-08-26T12:13:39","guid":{"rendered":"https:\/\/infogandia.es\/?p=6801"},"modified":"2025-08-26T12:13:39","modified_gmt":"2025-08-26T12:13:39","slug":"soler-celebra-el-avance-del-tram-gandia-oliva-denia-y-critica-la-inaccion-cronica-del-gobierno-central","status":"publish","type":"post","link":"https:\/\/infogandia.es\/index.php\/2025\/08\/26\/soler-celebra-el-avance-del-tram-gandia-oliva-denia-y-critica-la-inaccion-cronica-del-gobierno-central\/","title":{"rendered":"Soler celebra el avance del TRAM Gandia-Oliva-Denia y critica la \u201cinacci\u00f3n cr\u00f3nica\u201d del Gobierno central"},"content":{"rendered":"\n<p>Esta ma\u00f1ana, el <strong>Consell<\/strong> ha dado un nuevo paso hacia la recuperaci\u00f3n de la <strong>conexi\u00f3n ferroviaria entre Gandia, Oliva y D\u00e9nia<\/strong>, mediante la adjudicaci\u00f3n del <strong>estudio de planeamiento y viabilidad<\/strong> de la plataforma ferroviaria TRAM Gandia-Oliva-D\u00e9nia por un importe de <strong>101.000 euros<\/strong>.<\/p>\n\n\n\n<p>El presidente del Partido Popular de Gandia, <strong>V\u00edctor Soler<\/strong>, celebr\u00f3 la actuaci\u00f3n del gobierno valenciano, consider\u00e1ndola un <strong>avance significativo<\/strong> en el proyecto que permitir\u00e1 conectar las comarcas de la <strong>Safor<\/strong> y la <strong>Marina Alta<\/strong>. \u201cEn s\u00f3lo dos a\u00f1os de gobierno del PP en la Comunitat Valenciana hemos avanzado m\u00e1s que en los ocho a\u00f1os de S\u00e1nchez en Moncloa\u201d, destac\u00f3.<\/p>\n\n\n\n<p>Soler critic\u00f3 la \u201c<strong>inacci\u00f3n cr\u00f3nica<\/strong>\u201d de las administraciones socialistas, desde el \u00e1mbito local hasta el estatal, se\u00f1alando que proyectos como el <strong>desdoblamiento de la v\u00eda f\u00e9rrea entre Cullera y Gandia<\/strong> han permanecido paralizados durante d\u00e9cadas. Asimismo, calific\u00f3 de \u201c<strong>indecente<\/strong>\u201d que una representante gandiense en el Consejo de Ministros no impulse el tren hacia D\u00e9nia y de \u201c<strong>cobarde<\/strong>\u201d al alcalde socialista <strong>Jos\u00e9 Manuel Prieto<\/strong>, al que acusa de no exigir al Gobierno central lo que Gandia necesita.<\/p>\n\n\n\n<p>El dirigente popular concluy\u00f3 subrayando que, frente a la pasividad socialista, \u201c<strong>con el Partido Popular, Gandia avanza e impulsa las infraestructuras necesarias<\/strong>\u201d.<\/p>\n","protected":false},"excerpt":{"rendered":"<p>Esta ma\u00f1ana, el Consell ha dado un nuevo paso hacia la recuperaci\u00f3n de la conexi\u00f3n ferroviaria entre Gandia, Oliva y D\u00e9nia, mediante la adjudicaci\u00f3n del estudio de planeamiento y viabilidad de la plataforma ferroviaria TRAM Gandia-Oliva-D\u00e9nia por un importe de 101.000 euros. El presidente del Partido Popular de Gandia, V\u00edctor Soler, celebr\u00f3 la actuaci\u00f3n del&#8230;<\/p>\n","protected":false},"author":1,"featured_media":6783,"comment_status":"open","ping_status":"open","sticky":false,"template":"","format":"standard","meta":{"footnotes":""},"categories":[1,3],"tags":[],"class_list":["post-6801","post","type-post","status-publish","format-standard","has-post-thumbnail","hentry","category-actualidad","category-politica"],"_links":{"self":[{"href":"https:\/\/infogandia.es\/index.php\/wp-json\/wp\/v2\/posts\/6801","targetHints":{"allow":["GET"]}}],"collection":[{"href":"https:\/\/infogandia.es\/index.php\/wp-json\/wp\/v2\/posts"}],"about":[{"href":"https:\/\/infogandia.es\/index.php\/wp-json\/wp\/v2\/types\/post"}],"author":[{"embeddable":true,"href":"https:\/\/infogandia.es\/index.php\/wp-json\/wp\/v2\/users\/1"}],"replies":[{"embeddable":true,"href":"https:\/\/infogandia.es\/index.php\/wp-json\/wp\/v2\/comments?post=6801"}],"version-history":[{"count":1,"href":"https:\/\/infogandia.es\/index.php\/wp-json\/wp\/v2\/posts\/6801\/revisions"}],"predecessor-version":[{"id":6802,"href":"https:\/\/infogandia.es\/index.php\/wp-json\/wp\/v2\/posts\/6801\/revisions\/6802"}],"wp:featuredmedia":[{"embeddable":true,"href":"https:\/\/infogandia.es\/index.php\/wp-json\/wp\/v2\/media\/6783"}],"wp:attachment":[{"href":"https:\/\/infogandia.es\/index.php\/wp-json\/wp\/v2\/media?parent=6801"}],"wp:term":[{"taxonomy":"category","embeddable":true,"href":"https:\/\/infogandia.es\/index.php\/wp-json\/wp\/v2\/categories?post=6801"},{"taxonomy":"post_tag","embeddable":true,"href":"https:\/\/infogandia.es\/index.php\/wp-json\/wp\/v2\/tags?post=6801"}],"curies":[{"name":"wp","href":"https:\/\/api.w.org\/{rel}","templated":true}]}}