{"id":6806,"date":"2025-08-26T12:16:12","date_gmt":"2025-08-26T12:16:12","guid":{"rendered":"https:\/\/infogandia.es\/?p=6806"},"modified":"2025-08-26T12:16:12","modified_gmt":"2025-08-26T12:16:12","slug":"gandia-pierde-una-subvencion-de-la-generalitat-para-fomentar-la-diversidad-en-el-arte-urbano","status":"publish","type":"post","link":"https:\/\/infogandia.es\/index.php\/2025\/08\/26\/gandia-pierde-una-subvencion-de-la-generalitat-para-fomentar-la-diversidad-en-el-arte-urbano\/","title":{"rendered":"Gandia pierde una subvenci\u00f3n de la Generalitat para fomentar la diversidad en el arte urbano"},"content":{"rendered":"\n<p>El <strong>Ayuntamiento de Gandia<\/strong> ha dejado escapar la oportunidad de acceder a una <strong>subvenci\u00f3n de la Generalitat Valenciana<\/strong> destinada a promover la diversidad a trav\u00e9s del arte urbano. La ayuda, a la que se han adherido <strong>99 municipios<\/strong> de la Comunitat Valenciana, ascend\u00eda a <strong>298.959,33 euros<\/strong> para impulsar proyectos de creatividad art\u00edstica, participaci\u00f3n ciudadana y apoyo a artistas locales y emergentes.<\/p>\n\n\n\n<p>Sin embargo, Gandia <strong>no figura entre las localidades beneficiarias<\/strong> al no haber solicitado la subvenci\u00f3n, lo que ha generado cr\u00edticas desde el <strong>Grupo Municipal Popular<\/strong>. Su portavoz, <strong>V\u00edctor Soler<\/strong>, calific\u00f3 la situaci\u00f3n de \u201cdejadez\u201d por parte del gobierno local y advirti\u00f3 que esta decisi\u00f3n \u201cperjudica directamente a la Gandia real, y en concreto a todos los artistas locales y emergentes que podr\u00edan haberse beneficiado de esta iniciativa\u201d.<\/p>\n\n\n\n<p>Soler subray\u00f3 que este hecho evidencia que el ejecutivo municipal \u201ccarece de rumbo\u201d y lament\u00f3 la <strong>falta de gesti\u00f3n y visi\u00f3n<\/strong> del equipo de gobierno, contraponiendo \u201clas palabras y promesas de los socialistas\u201d con \u201clas oportunidades reales y el dinamismo que defiende el Partido Popular\u201d.<\/p>\n","protected":false},"excerpt":{"rendered":"<p>El Ayuntamiento de Gandia ha dejado escapar la oportunidad de acceder a una subvenci\u00f3n de la Generalitat Valenciana destinada a promover la diversidad a trav\u00e9s del arte urbano. La ayuda, a la que se han adherido 99 municipios de la Comunitat Valenciana, ascend\u00eda a 298.959,33 euros para impulsar proyectos de creatividad art\u00edstica, participaci\u00f3n ciudadana y&#8230;<\/p>\n","protected":false},"author":1,"featured_media":6807,"comment_status":"open","ping_status":"open","sticky":false,"template":"","format":"standard","meta":{"footnotes":""},"categories":[1,3],"tags":[],"class_list":["post-6806","post","type-post","status-publish","format-standard","has-post-thumbnail","hentry","category-actualidad","category-politica"],"_links":{"self":[{"href":"https:\/\/infogandia.es\/index.php\/wp-json\/wp\/v2\/posts\/6806","targetHints":{"allow":["GET"]}}],"collection":[{"href":"https:\/\/infogandia.es\/index.php\/wp-json\/wp\/v2\/posts"}],"about":[{"href":"https:\/\/infogandia.es\/index.php\/wp-json\/wp\/v2\/types\/post"}],"author":[{"embeddable":true,"href":"https:\/\/infogandia.es\/index.php\/wp-json\/wp\/v2\/users\/1"}],"replies":[{"embeddable":true,"href":"https:\/\/infogandia.es\/index.php\/wp-json\/wp\/v2\/comments?post=6806"}],"version-history":[{"count":1,"href":"https:\/\/infogandia.es\/index.php\/wp-json\/wp\/v2\/posts\/6806\/revisions"}],"predecessor-version":[{"id":6808,"href":"https:\/\/infogandia.es\/index.php\/wp-json\/wp\/v2\/posts\/6806\/revisions\/6808"}],"wp:featuredmedia":[{"embeddable":true,"href":"https:\/\/infogandia.es\/index.php\/wp-json\/wp\/v2\/media\/6807"}],"wp:attachment":[{"href":"https:\/\/infogandia.es\/index.php\/wp-json\/wp\/v2\/media?parent=6806"}],"wp:term":[{"taxonomy":"category","embeddable":true,"href":"https:\/\/infogandia.es\/index.php\/wp-json\/wp\/v2\/categories?post=6806"},{"taxonomy":"post_tag","embeddable":true,"href":"https:\/\/infogandia.es\/index.php\/wp-json\/wp\/v2\/tags?post=6806"}],"curies":[{"name":"wp","href":"https:\/\/api.w.org\/{rel}","templated":true}]}}