{"id":6904,"date":"2025-09-09T10:54:23","date_gmt":"2025-09-09T10:54:23","guid":{"rendered":"https:\/\/infogandia.es\/?p=6904"},"modified":"2025-09-09T10:54:25","modified_gmt":"2025-09-09T10:54:25","slug":"esta-noche-en-comarcal-solidaria-gandia-acoge-la-vi-gala-gastronomica-de-caritas","status":"publish","type":"post","link":"https:\/\/infogandia.es\/index.php\/2025\/09\/09\/esta-noche-en-comarcal-solidaria-gandia-acoge-la-vi-gala-gastronomica-de-caritas\/","title":{"rendered":"Esta noche en Comarcal Solidaria: Gandia acoge la VI Gala Gastron\u00f3mica de C\u00e1ritas"},"content":{"rendered":"\n<p>En el programa de estreno de <em>Comarcal Solidaria<\/em>, que se emitir\u00e1 esta noche a las 22:00 h con la conducci\u00f3n de Andr\u00e9s Puig, hablaremos de la VI Gala Gastron\u00f3mica de C\u00e1ritas, un evento que tendr\u00e1 lugar el pr\u00f3ximo 15 de septiembre en la plaza del Tirant de Gandia.<\/p>\n\n\n\n<p>La cita reunir\u00e1 a m\u00e1s de una treintena de restaurantes, bares, hoteles, pasteler\u00edas y distribuidores que, de manera altruista, ofrecer\u00e1n tapas, bebidas y dulces con un objetivo solidario: recaudar fondos para el programa de <strong>tarjetas solidarias de C\u00e1ritas<\/strong>, que ayuda a las familias m\u00e1s vulnerables a cubrir sus necesidades b\u00e1sicas de alimentaci\u00f3n e higiene.<\/p>\n\n\n\n<figure class=\"wp-block-image size-large\"><img fetchpriority=\"high\" decoding=\"async\" width=\"1024\" height=\"727\" src=\"http:\/\/infogandia.es\/wp-content\/uploads\/2025\/09\/Imagen-de-WhatsApp-2025-09-09-a-las-12.52.34_df07e1bf-1024x727.jpg\" alt=\"\" class=\"wp-image-6905\" srcset=\"https:\/\/infogandia.es\/wp-content\/uploads\/2025\/09\/Imagen-de-WhatsApp-2025-09-09-a-las-12.52.34_df07e1bf-1024x727.jpg 1024w, https:\/\/infogandia.es\/wp-content\/uploads\/2025\/09\/Imagen-de-WhatsApp-2025-09-09-a-las-12.52.34_df07e1bf-300x213.jpg 300w, https:\/\/infogandia.es\/wp-content\/uploads\/2025\/09\/Imagen-de-WhatsApp-2025-09-09-a-las-12.52.34_df07e1bf-768x545.jpg 768w, https:\/\/infogandia.es\/wp-content\/uploads\/2025\/09\/Imagen-de-WhatsApp-2025-09-09-a-las-12.52.34_df07e1bf-1536x1090.jpg 1536w, https:\/\/infogandia.es\/wp-content\/uploads\/2025\/09\/Imagen-de-WhatsApp-2025-09-09-a-las-12.52.34_df07e1bf.jpg 2048w\" sizes=\"(max-width: 1024px) 100vw, 1024px\" \/><\/figure>\n\n\n\n<p>Durante la gala tambi\u00e9n se celebrar\u00e1 un <strong>sorteo solidario<\/strong> con productos y servicios aportados por una treintena de empresas colaboradoras. Las entradas ya est\u00e1n disponibles al precio de 20 euros, tanto en la web de C\u00e1ritas como en su sede local. Adem\u00e1s, quienes no puedan asistir podr\u00e1n participar a trav\u00e9s de la <strong>Fila Cero<\/strong>, realizando donaciones en l\u00ednea o v\u00eda Bizum.<\/p>\n\n\n\n<p>La edici\u00f3n de este a\u00f1o incorpora varias novedades: se ampl\u00eda el n\u00famero de establecimientos participantes, lo que permitir\u00e1 ofrecer una mayor variedad gastron\u00f3mica, y se mantiene la tradicional <strong>\u201ctapa solidaria\u201d<\/strong>, en la que el p\u00fablico podr\u00e1 votar por su favorita. La m\u00fasica correr\u00e1 a cargo del grupo <strong>No Som de Seattle<\/strong>, que regresa tras el \u00e9xito de la pasada edici\u00f3n.<\/p>\n\n\n\n<p>En declaraciones al programa, la directora de C\u00e1ritas Interparroquial de Gandia, <strong>Maite Bosc\u00e0<\/strong>, agradeci\u00f3 la implicaci\u00f3n de todo el sector hostelero, al que calific\u00f3 como \u201cpieza fundamental de este proyecto solidario\u201d. Y a\u00f1adi\u00f3: <em>\u201cEsta gala es mucho m\u00e1s que un encuentro gastron\u00f3mico; es un gesto de compromiso colectivo. Cada tapa y cada colaboraci\u00f3n ayudan a construir oportunidades para quienes m\u00e1s lo necesitan\u201d<\/em>.<\/p>\n\n\n\n<p><\/p>\n","protected":false},"excerpt":{"rendered":"<p>En el programa de estreno de Comarcal Solidaria, que se emitir\u00e1 esta noche a las 22:00 h con la conducci\u00f3n de Andr\u00e9s Puig, hablaremos de la VI Gala Gastron\u00f3mica de C\u00e1ritas, un evento que tendr\u00e1 lugar el pr\u00f3ximo 15 de septiembre en la plaza del Tirant de Gandia. La cita reunir\u00e1 a m\u00e1s de una&#8230;<\/p>\n","protected":false},"author":1,"featured_media":6901,"comment_status":"open","ping_status":"open","sticky":false,"template":"","format":"standard","meta":{"footnotes":""},"categories":[1,27],"tags":[],"class_list":["post-6904","post","type-post","status-publish","format-standard","has-post-thumbnail","hentry","category-actualidad","category-sociedad"],"_links":{"self":[{"href":"https:\/\/infogandia.es\/index.php\/wp-json\/wp\/v2\/posts\/6904","targetHints":{"allow":["GET"]}}],"collection":[{"href":"https:\/\/infogandia.es\/index.php\/wp-json\/wp\/v2\/posts"}],"about":[{"href":"https:\/\/infogandia.es\/index.php\/wp-json\/wp\/v2\/types\/post"}],"author":[{"embeddable":true,"href":"https:\/\/infogandia.es\/index.php\/wp-json\/wp\/v2\/users\/1"}],"replies":[{"embeddable":true,"href":"https:\/\/infogandia.es\/index.php\/wp-json\/wp\/v2\/comments?post=6904"}],"version-history":[{"count":1,"href":"https:\/\/infogandia.es\/index.php\/wp-json\/wp\/v2\/posts\/6904\/revisions"}],"predecessor-version":[{"id":6906,"href":"https:\/\/infogandia.es\/index.php\/wp-json\/wp\/v2\/posts\/6904\/revisions\/6906"}],"wp:featuredmedia":[{"embeddable":true,"href":"https:\/\/infogandia.es\/index.php\/wp-json\/wp\/v2\/media\/6901"}],"wp:attachment":[{"href":"https:\/\/infogandia.es\/index.php\/wp-json\/wp\/v2\/media?parent=6904"}],"wp:term":[{"taxonomy":"category","embeddable":true,"href":"https:\/\/infogandia.es\/index.php\/wp-json\/wp\/v2\/categories?post=6904"},{"taxonomy":"post_tag","embeddable":true,"href":"https:\/\/infogandia.es\/index.php\/wp-json\/wp\/v2\/tags?post=6904"}],"curies":[{"name":"wp","href":"https:\/\/api.w.org\/{rel}","templated":true}]}}