{"id":6914,"date":"2025-09-09T15:30:51","date_gmt":"2025-09-09T15:30:51","guid":{"rendered":"https:\/\/infogandia.es\/?p=6914"},"modified":"2025-09-09T15:30:51","modified_gmt":"2025-09-09T15:30:51","slug":"gandia-invierte-mas-de-700-000-euros-en-modernizar-el-centro-deportivo-del-grau","status":"publish","type":"post","link":"https:\/\/infogandia.es\/index.php\/2025\/09\/09\/gandia-invierte-mas-de-700-000-euros-en-modernizar-el-centro-deportivo-del-grau\/","title":{"rendered":"Gandia invierte m\u00e1s de 700.000 euros en modernizar el Centro Deportivo del Grau"},"content":{"rendered":"\n<p>El Ayuntamiento de Gandia destinar\u00e1 m\u00e1s de 700.000 euros a la modernizaci\u00f3n del <strong>Centro Deportivo del Grau<\/strong>, una actuaci\u00f3n que contar\u00e1 con fondos europeos Next Generation por valor de 636.000 euros, a los que se suma una aportaci\u00f3n municipal de 70.000 euros.<\/p>\n\n\n\n<p>El proyecto incluye la <strong>instalaci\u00f3n de placas fotovoltaicas<\/strong> para suministrar energ\u00eda al edificio, la <strong>sustituci\u00f3n de las antiguas calderas<\/strong>, la <strong>mejora de la climatizaci\u00f3n<\/strong> con mayor eficiencia energ\u00e9tica y la intervenci\u00f3n en otros espacios del centro deportivo.<\/p>\n\n\n\n<p>El concejal de Deportes, <strong>Jes\u00fas Naviero<\/strong>, destac\u00f3 que la actuaci\u00f3n permitir\u00e1 <strong>reducir la factura energ\u00e9tica<\/strong> del centro, al tiempo que se incrementa su confort y sostenibilidad. \u201cUna vez finalizada la obra, los usuarios podr\u00e1n disfrutar de un centro deportivo mejor y m\u00e1s confortable\u201d, se\u00f1al\u00f3.<\/p>\n\n\n\n<p>Seg\u00fan el cronograma previsto, la instalaci\u00f3n de las placas solares comenzar\u00e1 a finales de octubre. A partir de enero, y debido a la naturaleza de las obras, el centro permanecer\u00e1 cerrado hasta marzo para ejecutar el cambio de calderas y la mejora de la climatizaci\u00f3n. Desde el departamento de Deportes ya se est\u00e1n estudiando <strong>soluciones para que los usuarios puedan continuar con sus actividades<\/strong> durante este periodo.<\/p>\n","protected":false},"excerpt":{"rendered":"<p>El Ayuntamiento de Gandia destinar\u00e1 m\u00e1s de 700.000 euros a la modernizaci\u00f3n del Centro Deportivo del Grau, una actuaci\u00f3n que contar\u00e1 con fondos europeos Next Generation por valor de 636.000 euros, a los que se suma una aportaci\u00f3n municipal de 70.000 euros. El proyecto incluye la instalaci\u00f3n de placas fotovoltaicas para suministrar energ\u00eda al edificio,&#8230;<\/p>\n","protected":false},"author":1,"featured_media":6911,"comment_status":"open","ping_status":"open","sticky":false,"template":"","format":"standard","meta":{"footnotes":""},"categories":[1,27],"tags":[],"class_list":["post-6914","post","type-post","status-publish","format-standard","has-post-thumbnail","hentry","category-actualidad","category-sociedad"],"_links":{"self":[{"href":"https:\/\/infogandia.es\/index.php\/wp-json\/wp\/v2\/posts\/6914","targetHints":{"allow":["GET"]}}],"collection":[{"href":"https:\/\/infogandia.es\/index.php\/wp-json\/wp\/v2\/posts"}],"about":[{"href":"https:\/\/infogandia.es\/index.php\/wp-json\/wp\/v2\/types\/post"}],"author":[{"embeddable":true,"href":"https:\/\/infogandia.es\/index.php\/wp-json\/wp\/v2\/users\/1"}],"replies":[{"embeddable":true,"href":"https:\/\/infogandia.es\/index.php\/wp-json\/wp\/v2\/comments?post=6914"}],"version-history":[{"count":1,"href":"https:\/\/infogandia.es\/index.php\/wp-json\/wp\/v2\/posts\/6914\/revisions"}],"predecessor-version":[{"id":6915,"href":"https:\/\/infogandia.es\/index.php\/wp-json\/wp\/v2\/posts\/6914\/revisions\/6915"}],"wp:featuredmedia":[{"embeddable":true,"href":"https:\/\/infogandia.es\/index.php\/wp-json\/wp\/v2\/media\/6911"}],"wp:attachment":[{"href":"https:\/\/infogandia.es\/index.php\/wp-json\/wp\/v2\/media?parent=6914"}],"wp:term":[{"taxonomy":"category","embeddable":true,"href":"https:\/\/infogandia.es\/index.php\/wp-json\/wp\/v2\/categories?post=6914"},{"taxonomy":"post_tag","embeddable":true,"href":"https:\/\/infogandia.es\/index.php\/wp-json\/wp\/v2\/tags?post=6914"}],"curies":[{"name":"wp","href":"https:\/\/api.w.org\/{rel}","templated":true}]}}