{"id":6966,"date":"2025-09-15T13:56:09","date_gmt":"2025-09-15T13:56:09","guid":{"rendered":"https:\/\/infogandia.es\/?p=6966"},"modified":"2025-09-15T13:56:10","modified_gmt":"2025-09-15T13:56:10","slug":"el-pp-de-gandia-acusa-al-gobierno-local-de-vulnerar-el-acuerdo-sobre-el-uso-de-la-fachada-del-ayuntamiento","status":"publish","type":"post","link":"https:\/\/infogandia.es\/index.php\/2025\/09\/15\/el-pp-de-gandia-acusa-al-gobierno-local-de-vulnerar-el-acuerdo-sobre-el-uso-de-la-fachada-del-ayuntamiento\/","title":{"rendered":"El PP de Gandia acusa al gobierno local de vulnerar el acuerdo sobre el uso de la fachada del Ayuntamiento"},"content":{"rendered":"\n<p>El Grupo Municipal Popular ha mostrado su malestar por la decisi\u00f3n del alcalde de Gandia, <strong>Jos\u00e9 Manuel Prieto<\/strong>, de colocar este fin de semana una pancarta en la fachada del Ayuntamiento sin contar con el respaldo del resto de fuerzas pol\u00edticas.<\/p>\n\n\n\n<p>Seg\u00fan denuncian los populares, esta actuaci\u00f3n contraviene el acuerdo alcanzado por todos los grupos municipales, en el que se establec\u00eda que cualquier bandera o pancarta colocada en el edificio consistorial deb\u00eda contar con el <strong>consenso un\u00e1nime<\/strong> de la corporaci\u00f3n.<\/p>\n\n\n\n<p>El PP considera que el gobierno formado por socialistas y Comprom\u00eds-M\u00e9s Gandia ha actuado \u201ca espaldas del resto de formaciones\u201d e insiste en que el alcalde \u201cha ignorado por completo\u201d a la oposici\u00f3n, \u201ccomo si Gandia y el Ayuntamiento fuesen suyos\u201d.<\/p>\n\n\n\n<p>En este sentido, los populares subrayan que la cuesti\u00f3n no radica en la reivindicaci\u00f3n concreta expresada en la pancarta, sino en el cumplimiento de las normas de funcionamiento democr\u00e1tico:<\/p>\n\n\n\n<blockquote class=\"wp-block-quote is-layout-flow wp-block-quote-is-layout-flow\">\n<p>\u201cNo se trata de estar a favor o en contra de una causa, sino de respetar los acuerdos que nos vinculan a todos, lo cual debe primar siempre\u201d, se\u00f1alan desde el grupo.<\/p>\n<\/blockquote>\n","protected":false},"excerpt":{"rendered":"<p>El Grupo Municipal Popular ha mostrado su malestar por la decisi\u00f3n del alcalde de Gandia, Jos\u00e9 Manuel Prieto, de colocar este fin de semana una pancarta en la fachada del Ayuntamiento sin contar con el respaldo del resto de fuerzas pol\u00edticas. Seg\u00fan denuncian los populares, esta actuaci\u00f3n contraviene el acuerdo alcanzado por todos los grupos&#8230;<\/p>\n","protected":false},"author":1,"featured_media":6967,"comment_status":"open","ping_status":"open","sticky":false,"template":"","format":"standard","meta":{"footnotes":""},"categories":[1,27],"tags":[],"class_list":["post-6966","post","type-post","status-publish","format-standard","has-post-thumbnail","hentry","category-actualidad","category-sociedad"],"_links":{"self":[{"href":"https:\/\/infogandia.es\/index.php\/wp-json\/wp\/v2\/posts\/6966","targetHints":{"allow":["GET"]}}],"collection":[{"href":"https:\/\/infogandia.es\/index.php\/wp-json\/wp\/v2\/posts"}],"about":[{"href":"https:\/\/infogandia.es\/index.php\/wp-json\/wp\/v2\/types\/post"}],"author":[{"embeddable":true,"href":"https:\/\/infogandia.es\/index.php\/wp-json\/wp\/v2\/users\/1"}],"replies":[{"embeddable":true,"href":"https:\/\/infogandia.es\/index.php\/wp-json\/wp\/v2\/comments?post=6966"}],"version-history":[{"count":1,"href":"https:\/\/infogandia.es\/index.php\/wp-json\/wp\/v2\/posts\/6966\/revisions"}],"predecessor-version":[{"id":6968,"href":"https:\/\/infogandia.es\/index.php\/wp-json\/wp\/v2\/posts\/6966\/revisions\/6968"}],"wp:featuredmedia":[{"embeddable":true,"href":"https:\/\/infogandia.es\/index.php\/wp-json\/wp\/v2\/media\/6967"}],"wp:attachment":[{"href":"https:\/\/infogandia.es\/index.php\/wp-json\/wp\/v2\/media?parent=6966"}],"wp:term":[{"taxonomy":"category","embeddable":true,"href":"https:\/\/infogandia.es\/index.php\/wp-json\/wp\/v2\/categories?post=6966"},{"taxonomy":"post_tag","embeddable":true,"href":"https:\/\/infogandia.es\/index.php\/wp-json\/wp\/v2\/tags?post=6966"}],"curies":[{"name":"wp","href":"https:\/\/api.w.org\/{rel}","templated":true}]}}