{"id":7017,"date":"2025-09-19T12:18:48","date_gmt":"2025-09-19T12:18:48","guid":{"rendered":"https:\/\/infogandia.es\/?p=7017"},"modified":"2025-09-19T12:18:48","modified_gmt":"2025-09-19T12:18:48","slug":"gandia-refuerza-el-dispositivo-de-seguridad-para-la-fira-i-festes-2025","status":"publish","type":"post","link":"https:\/\/infogandia.es\/index.php\/2025\/09\/19\/gandia-refuerza-el-dispositivo-de-seguridad-para-la-fira-i-festes-2025\/","title":{"rendered":"Gandia refuerza el dispositivo de seguridad para la Fira i Festes 2025"},"content":{"rendered":"\n<p>El Ayuntamiento de Gandia celebr\u00f3 ayer la Junta Local de Seguridad con motivo de la pr\u00f3xima Fira i Festes, en una reuni\u00f3n presidida por el alcalde, Jos\u00e9 Manuel Prieto, y en la que participaron la concejala de Seguridad Ciudadana, Lydia Morant, junto a representantes de los distintos cuerpos y fuerzas de seguridad, bomberos, Polic\u00eda Local y t\u00e9cnicos municipales.<\/p>\n\n\n\n<p>Durante el encuentro se revis\u00f3 el plan de seguridad dise\u00f1ado para garantizar el normal desarrollo de los actos festivos. Seg\u00fan explic\u00f3 Lydia Morant, este a\u00f1o, al igual que en ediciones anteriores, se reforzar\u00e1 la presencia policial en las calles, tanto en labores de vigilancia como en la regulaci\u00f3n del tr\u00e1fico. La atenci\u00f3n se centrar\u00e1 especialmente en los espacios que concentran mayor afluencia de p\u00fablico, como el Parc de la Festa, el Recinto Ferial, el centro hist\u00f3rico, as\u00ed como en conciertos, verbenas y discom\u00f3viles.<\/p>\n\n\n\n<p>La concejala destac\u00f3 la coordinaci\u00f3n entre los distintos cuerpos: <em>\u201cLa colaboraci\u00f3n entre Polic\u00eda Local, Polic\u00eda Nacional, Protecci\u00f3n Civil y Guardia Civil seguir\u00e1 siendo clave, especialmente en materia de tr\u00e1fico y seguridad. Adem\u00e1s, la Polic\u00eda Nacional desplegar\u00e1 agentes de paisano para reforzar la protecci\u00f3n en la ciudad\u201d<\/em>.<\/p>\n\n\n\n<p>Otro de los puntos subrayados fue la continuidad de los <strong>puntos violeta<\/strong>, que estar\u00e1n instalados en zonas de ocio nocturno, especialmente en conciertos y verbenas que se prolongan hasta altas horas. Estos espacios se gestionar\u00e1n en coordinaci\u00f3n con el Departamento de Igualdad y, en jornadas concretas, contar\u00e1n con la presencia de agentes especializados de la unidad GESAMI, dedicada a la lucha contra la violencia de g\u00e9nero.<\/p>\n\n\n\n<p>La reuni\u00f3n tambi\u00e9n sirvi\u00f3 para analizar la incidencia provocada por el accidente en la carretera Nacional 337, que afect\u00f3 al acceso a la ciudad y a la playa por la S\u00e8quia del Rei. Morant agradeci\u00f3 <em>\u201cla r\u00e1pida y eficaz intervenci\u00f3n del Ministerio de Transportes, que permiti\u00f3 restablecer la circulaci\u00f3n en menos de 24 horas\u201d<\/em>.<\/p>\n\n\n\n<p>Finalmente, la edil lanz\u00f3 un mensaje de tranquilidad: <em>\u201cNuestro deseo es que tanto vecinos como visitantes puedan disfrutar de unas fiestas con total normalidad, en las que Gandia ofrecer\u00e1 lo mejor de s\u00ed misma con una Fira i Festes segura y de calidad\u201d<\/em>.<\/p>\n","protected":false},"excerpt":{"rendered":"<p>El Ayuntamiento de Gandia celebr\u00f3 ayer la Junta Local de Seguridad con motivo de la pr\u00f3xima Fira i Festes, en una reuni\u00f3n presidida por el alcalde, Jos\u00e9 Manuel Prieto, y en la que participaron la concejala de Seguridad Ciudadana, Lydia Morant, junto a representantes de los distintos cuerpos y fuerzas de seguridad, bomberos, Polic\u00eda Local&#8230;<\/p>\n","protected":false},"author":1,"featured_media":7018,"comment_status":"open","ping_status":"open","sticky":false,"template":"","format":"standard","meta":{"footnotes":""},"categories":[1],"tags":[],"class_list":["post-7017","post","type-post","status-publish","format-standard","has-post-thumbnail","hentry","category-actualidad"],"_links":{"self":[{"href":"https:\/\/infogandia.es\/index.php\/wp-json\/wp\/v2\/posts\/7017","targetHints":{"allow":["GET"]}}],"collection":[{"href":"https:\/\/infogandia.es\/index.php\/wp-json\/wp\/v2\/posts"}],"about":[{"href":"https:\/\/infogandia.es\/index.php\/wp-json\/wp\/v2\/types\/post"}],"author":[{"embeddable":true,"href":"https:\/\/infogandia.es\/index.php\/wp-json\/wp\/v2\/users\/1"}],"replies":[{"embeddable":true,"href":"https:\/\/infogandia.es\/index.php\/wp-json\/wp\/v2\/comments?post=7017"}],"version-history":[{"count":1,"href":"https:\/\/infogandia.es\/index.php\/wp-json\/wp\/v2\/posts\/7017\/revisions"}],"predecessor-version":[{"id":7019,"href":"https:\/\/infogandia.es\/index.php\/wp-json\/wp\/v2\/posts\/7017\/revisions\/7019"}],"wp:featuredmedia":[{"embeddable":true,"href":"https:\/\/infogandia.es\/index.php\/wp-json\/wp\/v2\/media\/7018"}],"wp:attachment":[{"href":"https:\/\/infogandia.es\/index.php\/wp-json\/wp\/v2\/media?parent=7017"}],"wp:term":[{"taxonomy":"category","embeddable":true,"href":"https:\/\/infogandia.es\/index.php\/wp-json\/wp\/v2\/categories?post=7017"},{"taxonomy":"post_tag","embeddable":true,"href":"https:\/\/infogandia.es\/index.php\/wp-json\/wp\/v2\/tags?post=7017"}],"curies":[{"name":"wp","href":"https:\/\/api.w.org\/{rel}","templated":true}]}}