{"id":7028,"date":"2025-09-19T12:21:26","date_gmt":"2025-09-19T12:21:26","guid":{"rendered":"https:\/\/infogandia.es\/?p=7028"},"modified":"2025-09-19T12:21:27","modified_gmt":"2025-09-19T12:21:27","slug":"el-gobierno-de-gandia-exige-a-la-generalitat-valenciana-la-reactivacion-del-programa-de-empleo-juvenil-empuju","status":"publish","type":"post","link":"https:\/\/infogandia.es\/index.php\/2025\/09\/19\/el-gobierno-de-gandia-exige-a-la-generalitat-valenciana-la-reactivacion-del-programa-de-empleo-juvenil-empuju\/","title":{"rendered":"El Gobierno de Gandia exige a la Generalitat Valenciana la reactivaci\u00f3n del programa de empleo juvenil EMPUJU"},"content":{"rendered":"\n<p> El pleno ordinario del Ayuntamiento de Gandia ha aprobado un manifiesto, impulsado por los grupos que forman el gobierno local (PSPV-PSOE y Comprom\u00eds M\u00e9s Gandia), en el que se insta a la Generalitat Valenciana a recuperar el programa de empleo juvenil EMPUJU. Esta iniciativa, que en los \u00faltimos a\u00f1os ha permitido a centenares de j\u00f3venes acceder a su primer contrato laboral a trav\u00e9s de los ayuntamientos y entidades locales, ha visto dr\u00e1sticamente reducida su financiaci\u00f3n hasta quedar eliminada en 2025.<\/p>\n\n\n\n<p>Durante la etapa del Govern del Bot\u00e0nic, el presupuesto destinado a EMPUJU aument\u00f3 un 158 % en seis a\u00f1os, pasando de 11,6 millones de euros en 2017 a 30 millones en 2023. Sin embargo, con el cambio de gobierno auton\u00f3mico y la entrada del Consell presidido por Carlos Maz\u00f3n, las ayudas se redujeron un 55 % en 2024 y este a\u00f1o han sufrido un recorte del 80 %, quedando restringidas \u00fanicamente a las mancomunidades.<\/p>\n\n\n\n<p>En el caso de Gandia, la ciudad recibi\u00f3 cerca de un mill\u00f3n de euros en 2021, lo que permiti\u00f3 la contrataci\u00f3n de 41 j\u00f3venes. En 2023 la ayuda se redujo a 383.000 euros, en 2024 cay\u00f3 hasta poco m\u00e1s de 76.000 euros (con solo cuatro contrataciones) y en 2025 ha desaparecido por completo.<\/p>\n\n\n\n<h4 class=\"wp-block-heading\">Contenido del manifiesto<\/h4>\n\n\n\n<p>El documento aprobado incluye cinco acuerdos principales:<\/p>\n\n\n\n<ol class=\"wp-block-list\">\n<li>Reclamar a la Generalitat la recuperaci\u00f3n de los 30 millones de euros de inversi\u00f3n en el programa EMPUJU.<\/li>\n\n\n\n<li>Exigir que se reactive el programa en ayuntamientos, diputaciones y entidades colaboradoras, no \u00fanicamente en mancomunidades.<\/li>\n\n\n\n<li>Solicitar el desarrollo de programas espec\u00edficos para colectivos con mayores dificultades de inserci\u00f3n laboral, como mujeres, personas paradas de larga duraci\u00f3n y personas con discapacidad.<\/li>\n\n\n\n<li>Requerir la reanudaci\u00f3n del di\u00e1logo social con los ayuntamientos, a trav\u00e9s de la FVMP y otros organismos competentes.<\/li>\n\n\n\n<li>Trasladar el acuerdo a Les Corts, la Diputaci\u00f3n de Val\u00e8ncia, la FVMP y al Consell de la Generalitat.<\/li>\n<\/ol>\n\n\n\n<h4 class=\"wp-block-heading\">Defensa del empleo juvenil<\/h4>\n\n\n\n<p>Con esta iniciativa, PSPV-PSOE y Comprom\u00eds M\u00e9s Gandia reivindican la importancia de mantener y reforzar las pol\u00edticas activas de empleo juvenil, la colaboraci\u00f3n entre administraciones y la necesidad de garantizar igualdad de oportunidades para los j\u00f3venes de la ciudad.<\/p>\n","protected":false},"excerpt":{"rendered":"<p>El pleno ordinario del Ayuntamiento de Gandia ha aprobado un manifiesto, impulsado por los grupos que forman el gobierno local (PSPV-PSOE y Comprom\u00eds M\u00e9s Gandia), en el que se insta a la Generalitat Valenciana a recuperar el programa de empleo juvenil EMPUJU. Esta iniciativa, que en los \u00faltimos a\u00f1os ha permitido a centenares de j\u00f3venes&#8230;<\/p>\n","protected":false},"author":1,"featured_media":7029,"comment_status":"open","ping_status":"open","sticky":false,"template":"","format":"standard","meta":{"footnotes":""},"categories":[1],"tags":[],"class_list":["post-7028","post","type-post","status-publish","format-standard","has-post-thumbnail","hentry","category-actualidad"],"_links":{"self":[{"href":"https:\/\/infogandia.es\/index.php\/wp-json\/wp\/v2\/posts\/7028","targetHints":{"allow":["GET"]}}],"collection":[{"href":"https:\/\/infogandia.es\/index.php\/wp-json\/wp\/v2\/posts"}],"about":[{"href":"https:\/\/infogandia.es\/index.php\/wp-json\/wp\/v2\/types\/post"}],"author":[{"embeddable":true,"href":"https:\/\/infogandia.es\/index.php\/wp-json\/wp\/v2\/users\/1"}],"replies":[{"embeddable":true,"href":"https:\/\/infogandia.es\/index.php\/wp-json\/wp\/v2\/comments?post=7028"}],"version-history":[{"count":1,"href":"https:\/\/infogandia.es\/index.php\/wp-json\/wp\/v2\/posts\/7028\/revisions"}],"predecessor-version":[{"id":7030,"href":"https:\/\/infogandia.es\/index.php\/wp-json\/wp\/v2\/posts\/7028\/revisions\/7030"}],"wp:featuredmedia":[{"embeddable":true,"href":"https:\/\/infogandia.es\/index.php\/wp-json\/wp\/v2\/media\/7029"}],"wp:attachment":[{"href":"https:\/\/infogandia.es\/index.php\/wp-json\/wp\/v2\/media?parent=7028"}],"wp:term":[{"taxonomy":"category","embeddable":true,"href":"https:\/\/infogandia.es\/index.php\/wp-json\/wp\/v2\/categories?post=7028"},{"taxonomy":"post_tag","embeddable":true,"href":"https:\/\/infogandia.es\/index.php\/wp-json\/wp\/v2\/tags?post=7028"}],"curies":[{"name":"wp","href":"https:\/\/api.w.org\/{rel}","templated":true}]}}