{"id":7034,"date":"2025-09-22T15:26:19","date_gmt":"2025-09-22T15:26:19","guid":{"rendered":"https:\/\/infogandia.es\/?p=7034"},"modified":"2025-09-22T15:26:19","modified_gmt":"2025-09-22T15:26:19","slug":"el-cierre-de-las-escoletas-del-raval-y-del-grau-deja-sin-plaza-al-80-de-los-ninos-solicitantes","status":"publish","type":"post","link":"https:\/\/infogandia.es\/index.php\/2025\/09\/22\/el-cierre-de-las-escoletas-del-raval-y-del-grau-deja-sin-plaza-al-80-de-los-ninos-solicitantes\/","title":{"rendered":"El cierre de las escoletas del Raval y del Grau deja sin plaza al 80% de los ni\u00f1os solicitantes"},"content":{"rendered":"\n<p>El Grupo Municipal Popular de Gandia ha denunciado que casi 8 de cada 10 ni\u00f1os de entre 0 y 3 a\u00f1os que han solicitado plaza escolar se han quedado sin atender tras el cierre de las escoletas del Raval y del Grau. Seg\u00fan los datos obtenidos a trav\u00e9s de una petici\u00f3n registrada en el Ayuntamiento, de las 109 solicitudes presentadas, 87 menores no han obtenido plaza, lo que supone el 79,82% del total.<\/p>\n\n\n\n<p>La concejala popular Mar Beltr\u00e1n calific\u00f3 la cifra de \u201calarmante\u201d y advirti\u00f3 de que esta situaci\u00f3n generar\u00e1 \u201cserios problemas de conciliaci\u00f3n\u201d a las familias afectadas. Adem\u00e1s, critic\u00f3 que el gobierno local, al tiempo que se presenta como defensor de la educaci\u00f3n p\u00fablica, \u201ccierre centros educativos y deje a ni\u00f1os sin escolarizar\u201d.<\/p>\n\n\n\n<p>En la misma l\u00ednea, el portavoz popular V\u00edctor Soler se\u00f1al\u00f3 que el cierre de las escoletas \u201ccontradice el modelo impulsado por el Consell, que ha hecho gratuitas las escuelas de 0 a 3 a\u00f1os\u201d. Seg\u00fan afirm\u00f3, el ejecutivo local \u201cest\u00e1 favoreciendo la privatizaci\u00f3n de la escolaridad y recortando en servicios p\u00fablicos, lo que empeora la vida de las familias\u201d.<\/p>\n\n\n\n<p>Finalmente, Soler reclam\u00f3 al gobierno municipal que \u201cse centre en solucionar los problemas que dependen de ellos\u201d, en lugar de, seg\u00fan dijo, \u201cculpar a la Generalitat Valenciana para ocultar su falta de gesti\u00f3n\u201d.<\/p>\n","protected":false},"excerpt":{"rendered":"<p>El Grupo Municipal Popular de Gandia ha denunciado que casi 8 de cada 10 ni\u00f1os de entre 0 y 3 a\u00f1os que han solicitado plaza escolar se han quedado sin atender tras el cierre de las escoletas del Raval y del Grau. Seg\u00fan los datos obtenidos a trav\u00e9s de una petici\u00f3n registrada en el Ayuntamiento,&#8230;<\/p>\n","protected":false},"author":1,"featured_media":7035,"comment_status":"open","ping_status":"open","sticky":false,"template":"","format":"standard","meta":{"footnotes":""},"categories":[1],"tags":[],"class_list":["post-7034","post","type-post","status-publish","format-standard","has-post-thumbnail","hentry","category-actualidad"],"_links":{"self":[{"href":"https:\/\/infogandia.es\/index.php\/wp-json\/wp\/v2\/posts\/7034","targetHints":{"allow":["GET"]}}],"collection":[{"href":"https:\/\/infogandia.es\/index.php\/wp-json\/wp\/v2\/posts"}],"about":[{"href":"https:\/\/infogandia.es\/index.php\/wp-json\/wp\/v2\/types\/post"}],"author":[{"embeddable":true,"href":"https:\/\/infogandia.es\/index.php\/wp-json\/wp\/v2\/users\/1"}],"replies":[{"embeddable":true,"href":"https:\/\/infogandia.es\/index.php\/wp-json\/wp\/v2\/comments?post=7034"}],"version-history":[{"count":1,"href":"https:\/\/infogandia.es\/index.php\/wp-json\/wp\/v2\/posts\/7034\/revisions"}],"predecessor-version":[{"id":7036,"href":"https:\/\/infogandia.es\/index.php\/wp-json\/wp\/v2\/posts\/7034\/revisions\/7036"}],"wp:featuredmedia":[{"embeddable":true,"href":"https:\/\/infogandia.es\/index.php\/wp-json\/wp\/v2\/media\/7035"}],"wp:attachment":[{"href":"https:\/\/infogandia.es\/index.php\/wp-json\/wp\/v2\/media?parent=7034"}],"wp:term":[{"taxonomy":"category","embeddable":true,"href":"https:\/\/infogandia.es\/index.php\/wp-json\/wp\/v2\/categories?post=7034"},{"taxonomy":"post_tag","embeddable":true,"href":"https:\/\/infogandia.es\/index.php\/wp-json\/wp\/v2\/tags?post=7034"}],"curies":[{"name":"wp","href":"https:\/\/api.w.org\/{rel}","templated":true}]}}