{"id":7037,"date":"2025-09-22T15:27:32","date_gmt":"2025-09-22T15:27:32","guid":{"rendered":"https:\/\/infogandia.es\/?p=7037"},"modified":"2025-09-22T15:27:33","modified_gmt":"2025-09-22T15:27:33","slug":"la-plaza-de-la-vila-acoge-esta-tarde-una-fiesta-infantil-para-inaugurar-el-nuevo-espacio-urbano","status":"publish","type":"post","link":"https:\/\/infogandia.es\/index.php\/2025\/09\/22\/la-plaza-de-la-vila-acoge-esta-tarde-una-fiesta-infantil-para-inaugurar-el-nuevo-espacio-urbano\/","title":{"rendered":"La Plaza de la Vila acoge esta tarde una fiesta infantil para inaugurar el nuevo espacio urbano"},"content":{"rendered":"\n<p>La Plaza de la Vila ser\u00e1 escenario esta tarde, a partir de las 18.30 horas, de una fiesta infantil con m\u00fasica, juegos y reparto de palomitas de ma\u00edz para todos los asistentes.<\/p>\n\n\n\n<p>La actividad se enmarca en la puesta en valor del renovado espacio p\u00fablico tras la finalizaci\u00f3n de las obras de humanizaci\u00f3n de las calles que rodean el Ayuntamiento, un proyecto que busca mejorar la accesibilidad y ofrecer un entorno m\u00e1s amable para la ciudadan\u00eda.<\/p>\n","protected":false},"excerpt":{"rendered":"<p>La Plaza de la Vila ser\u00e1 escenario esta tarde, a partir de las 18.30 horas, de una fiesta infantil con m\u00fasica, juegos y reparto de palomitas de ma\u00edz para todos los asistentes. La actividad se enmarca en la puesta en valor del renovado espacio p\u00fablico tras la finalizaci\u00f3n de las obras de humanizaci\u00f3n de las&#8230;<\/p>\n","protected":false},"author":1,"featured_media":7038,"comment_status":"open","ping_status":"open","sticky":false,"template":"","format":"standard","meta":{"footnotes":""},"categories":[1],"tags":[],"class_list":["post-7037","post","type-post","status-publish","format-standard","has-post-thumbnail","hentry","category-actualidad"],"_links":{"self":[{"href":"https:\/\/infogandia.es\/index.php\/wp-json\/wp\/v2\/posts\/7037","targetHints":{"allow":["GET"]}}],"collection":[{"href":"https:\/\/infogandia.es\/index.php\/wp-json\/wp\/v2\/posts"}],"about":[{"href":"https:\/\/infogandia.es\/index.php\/wp-json\/wp\/v2\/types\/post"}],"author":[{"embeddable":true,"href":"https:\/\/infogandia.es\/index.php\/wp-json\/wp\/v2\/users\/1"}],"replies":[{"embeddable":true,"href":"https:\/\/infogandia.es\/index.php\/wp-json\/wp\/v2\/comments?post=7037"}],"version-history":[{"count":1,"href":"https:\/\/infogandia.es\/index.php\/wp-json\/wp\/v2\/posts\/7037\/revisions"}],"predecessor-version":[{"id":7039,"href":"https:\/\/infogandia.es\/index.php\/wp-json\/wp\/v2\/posts\/7037\/revisions\/7039"}],"wp:featuredmedia":[{"embeddable":true,"href":"https:\/\/infogandia.es\/index.php\/wp-json\/wp\/v2\/media\/7038"}],"wp:attachment":[{"href":"https:\/\/infogandia.es\/index.php\/wp-json\/wp\/v2\/media?parent=7037"}],"wp:term":[{"taxonomy":"category","embeddable":true,"href":"https:\/\/infogandia.es\/index.php\/wp-json\/wp\/v2\/categories?post=7037"},{"taxonomy":"post_tag","embeddable":true,"href":"https:\/\/infogandia.es\/index.php\/wp-json\/wp\/v2\/tags?post=7037"}],"curies":[{"name":"wp","href":"https:\/\/api.w.org\/{rel}","templated":true}]}}