{"id":7040,"date":"2025-09-22T15:28:05","date_gmt":"2025-09-22T15:28:05","guid":{"rendered":"https:\/\/infogandia.es\/?p=7040"},"modified":"2025-09-22T15:28:05","modified_gmt":"2025-09-22T15:28:05","slug":"marxuquera-acogera-el-proximo-28-de-septiembre-el-terra-mercat-una-jornada-dedicada-al-entorno-y-a-los-productos-locales","status":"publish","type":"post","link":"https:\/\/infogandia.es\/index.php\/2025\/09\/22\/marxuquera-acogera-el-proximo-28-de-septiembre-el-terra-mercat-una-jornada-dedicada-al-entorno-y-a-los-productos-locales\/","title":{"rendered":"Marxuquera acoger\u00e1 el pr\u00f3ximo 28 de septiembre el Terra Mercat, una jornada dedicada al entorno y a los productos locales"},"content":{"rendered":"\n<p>El barrio de Marxuquera se convertir\u00e1 el s\u00e1bado 28 de septiembre en un punto de encuentro ciudadano con la celebraci\u00f3n del <strong>Terra Mercat<\/strong>, una iniciativa que se desarrollar\u00e1 de 9.30 a 14.00 horas y que forma parte de las acciones de dinamizaci\u00f3n del distrito.<\/p>\n\n\n\n<p>El evento naci\u00f3 con el objetivo de poner en valor el entorno natural de Marxuquera, fomentar el consumo de productos de proximidad y generar un espacio de convivencia y participaci\u00f3n.<\/p>\n\n\n\n<p>Adem\u00e1s de los puestos con productos agr\u00edcolas y artesanales, la jornada contar\u00e1 con <strong>talleres familiares dirigidos a todas las edades<\/strong>, con propuestas creativas y educativas para disfrutar en grupo.<\/p>\n\n\n\n<p>La presidenta de la Junta de Distrito, <strong>Liduvina Gil<\/strong>, destac\u00f3 la importancia de esta cita: \u201cInvitamos a toda la ciudadan\u00eda a venir a Marxuquera el pr\u00f3ximo s\u00e1bado d\u00eda 28. Ser\u00e1 una ocasi\u00f3n para disfrutar de un entorno privilegiado, descubrir y probar los productos locales y compartir una ma\u00f1ana diferente con familia y amistades. Acciones como esta nos ayudan a dinamizar el barrio y a reforzar el sentimiento de comunidad\u201d.<\/p>\n\n\n\n<p>El <strong>Terra Mercat<\/strong> representa una oportunidad para acercarse a la riqueza agr\u00edcola y artesanal de Gandia, al tiempo que permite redescubrir uno de los espacios m\u00e1s singulares del municipio. La acci\u00f3n est\u00e1 organizada por la Asociaci\u00f3n de Vecinos de Marxuquera y la Junta de Distrito.<\/p>\n","protected":false},"excerpt":{"rendered":"<p>El barrio de Marxuquera se convertir\u00e1 el s\u00e1bado 28 de septiembre en un punto de encuentro ciudadano con la celebraci\u00f3n del Terra Mercat, una iniciativa que se desarrollar\u00e1 de 9.30 a 14.00 horas y que forma parte de las acciones de dinamizaci\u00f3n del distrito. El evento naci\u00f3 con el objetivo de poner en valor el&#8230;<\/p>\n","protected":false},"author":1,"featured_media":7041,"comment_status":"open","ping_status":"open","sticky":false,"template":"","format":"standard","meta":{"footnotes":""},"categories":[1],"tags":[],"class_list":["post-7040","post","type-post","status-publish","format-standard","has-post-thumbnail","hentry","category-actualidad"],"_links":{"self":[{"href":"https:\/\/infogandia.es\/index.php\/wp-json\/wp\/v2\/posts\/7040","targetHints":{"allow":["GET"]}}],"collection":[{"href":"https:\/\/infogandia.es\/index.php\/wp-json\/wp\/v2\/posts"}],"about":[{"href":"https:\/\/infogandia.es\/index.php\/wp-json\/wp\/v2\/types\/post"}],"author":[{"embeddable":true,"href":"https:\/\/infogandia.es\/index.php\/wp-json\/wp\/v2\/users\/1"}],"replies":[{"embeddable":true,"href":"https:\/\/infogandia.es\/index.php\/wp-json\/wp\/v2\/comments?post=7040"}],"version-history":[{"count":1,"href":"https:\/\/infogandia.es\/index.php\/wp-json\/wp\/v2\/posts\/7040\/revisions"}],"predecessor-version":[{"id":7042,"href":"https:\/\/infogandia.es\/index.php\/wp-json\/wp\/v2\/posts\/7040\/revisions\/7042"}],"wp:featuredmedia":[{"embeddable":true,"href":"https:\/\/infogandia.es\/index.php\/wp-json\/wp\/v2\/media\/7041"}],"wp:attachment":[{"href":"https:\/\/infogandia.es\/index.php\/wp-json\/wp\/v2\/media?parent=7040"}],"wp:term":[{"taxonomy":"category","embeddable":true,"href":"https:\/\/infogandia.es\/index.php\/wp-json\/wp\/v2\/categories?post=7040"},{"taxonomy":"post_tag","embeddable":true,"href":"https:\/\/infogandia.es\/index.php\/wp-json\/wp\/v2\/tags?post=7040"}],"curies":[{"name":"wp","href":"https:\/\/api.w.org\/{rel}","templated":true}]}}