{"id":7043,"date":"2025-09-22T15:29:37","date_gmt":"2025-09-22T15:29:37","guid":{"rendered":"https:\/\/infogandia.es\/?p=7043"},"modified":"2025-09-22T15:29:37","modified_gmt":"2025-09-22T15:29:37","slug":"clgs-celebra-su-20o-aniversario-reafirmando-el-compromiso-de-gandia-con-el-colectivo-lgtbiq","status":"publish","type":"post","link":"https:\/\/infogandia.es\/index.php\/2025\/09\/22\/clgs-celebra-su-20o-aniversario-reafirmando-el-compromiso-de-gandia-con-el-colectivo-lgtbiq\/","title":{"rendered":"CLGS celebra su 20\u00ba aniversario reafirmando el compromiso de Gandia con el colectivo LGTBIQ+"},"content":{"rendered":"\n<p>La Casa de la Marquesa acogi\u00f3 el pasado viernes uno de los actos centrales del 20\u00ba aniversario de CLGS, celebrado en memoria de Javier Abil Orpegui. La jornada tuvo como objetivo seguir avanzando en la visibilizaci\u00f3n y defensa de los derechos del colectivo LGTBIQ+, resaltando la importancia de la memoria y la lucha social en este \u00e1mbito.<\/p>\n\n\n\n<p>El encuentro reuni\u00f3 a reconocidos activistas, acad\u00e9micos y divulgadores LGTBIQ+, entre ellos <strong>Carolina Marz\u00e1<\/strong>, conocida como \u201cMam\u00e1 de Cloe\u201d; <strong>Pablo Zas Varela<\/strong>, t\u00e9cnico de Igualdad en ALAS La Coru\u00f1a y miembro de observatorios contra la LGTBIfobia; <strong>Luis Robledo<\/strong>, profesor de Sociolog\u00eda y Antropolog\u00eda Social en la Universitat de Val\u00e8ncia; y <strong>Vicente Ortu\u00f1o<\/strong>, hist\u00f3rico activista del Pa\u00eds Valenci\u00e0. La presentaci\u00f3n corri\u00f3 a cargo de <strong>Kiki Morgan<\/strong>, que ofreci\u00f3 una introducci\u00f3n sobre la historia del colectivo en Espa\u00f1a.<\/p>\n\n\n\n<p>El acto cont\u00f3 tambi\u00e9n con la presencia del alcalde de Gandia, <strong>Jos\u00e9 Manuel Prieto<\/strong>, acompa\u00f1ado por la concejala de Igualdad, Diversidad y LGTBI, <strong>Maribel Codina<\/strong>, junto a otros representantes municipales. Prieto reconoci\u00f3 el esfuerzo de las personas y entidades que durante dos d\u00e9cadas han trabajado para lograr \u201cuna sociedad m\u00e1s justa, humana, igualitaria y respetuosa con la diversidad\u201d.<\/p>\n\n\n\n<p>El alcalde subray\u00f3 que Gandia se ha consolidado como una ciudad ejemplar en materia de igualdad y respeto, aunque advirti\u00f3 de que a\u00fan queda mucho por hacer. En este sentido, reiter\u00f3 el compromiso municipal con la prevenci\u00f3n de discriminaciones, la promoci\u00f3n de la diversidad y la lucha contra los discursos y delitos de odio.<\/p>\n\n\n\n<p>Prieto concluy\u00f3 reafirmando la determinaci\u00f3n de Gandia de seguir trabajando para garantizar los derechos de todas las personas LGTBI, fomentando la solidaridad y la convivencia como valores fundamentales de la ciudad.<\/p>\n","protected":false},"excerpt":{"rendered":"<p>La Casa de la Marquesa acogi\u00f3 el pasado viernes uno de los actos centrales del 20\u00ba aniversario de CLGS, celebrado en memoria de Javier Abil Orpegui. La jornada tuvo como objetivo seguir avanzando en la visibilizaci\u00f3n y defensa de los derechos del colectivo LGTBIQ+, resaltando la importancia de la memoria y la lucha social en&#8230;<\/p>\n","protected":false},"author":1,"featured_media":7044,"comment_status":"open","ping_status":"open","sticky":false,"template":"","format":"standard","meta":{"footnotes":""},"categories":[1],"tags":[],"class_list":["post-7043","post","type-post","status-publish","format-standard","has-post-thumbnail","hentry","category-actualidad"],"_links":{"self":[{"href":"https:\/\/infogandia.es\/index.php\/wp-json\/wp\/v2\/posts\/7043","targetHints":{"allow":["GET"]}}],"collection":[{"href":"https:\/\/infogandia.es\/index.php\/wp-json\/wp\/v2\/posts"}],"about":[{"href":"https:\/\/infogandia.es\/index.php\/wp-json\/wp\/v2\/types\/post"}],"author":[{"embeddable":true,"href":"https:\/\/infogandia.es\/index.php\/wp-json\/wp\/v2\/users\/1"}],"replies":[{"embeddable":true,"href":"https:\/\/infogandia.es\/index.php\/wp-json\/wp\/v2\/comments?post=7043"}],"version-history":[{"count":1,"href":"https:\/\/infogandia.es\/index.php\/wp-json\/wp\/v2\/posts\/7043\/revisions"}],"predecessor-version":[{"id":7045,"href":"https:\/\/infogandia.es\/index.php\/wp-json\/wp\/v2\/posts\/7043\/revisions\/7045"}],"wp:featuredmedia":[{"embeddable":true,"href":"https:\/\/infogandia.es\/index.php\/wp-json\/wp\/v2\/media\/7044"}],"wp:attachment":[{"href":"https:\/\/infogandia.es\/index.php\/wp-json\/wp\/v2\/media?parent=7043"}],"wp:term":[{"taxonomy":"category","embeddable":true,"href":"https:\/\/infogandia.es\/index.php\/wp-json\/wp\/v2\/categories?post=7043"},{"taxonomy":"post_tag","embeddable":true,"href":"https:\/\/infogandia.es\/index.php\/wp-json\/wp\/v2\/tags?post=7043"}],"curies":[{"name":"wp","href":"https:\/\/api.w.org\/{rel}","templated":true}]}}