{"id":7046,"date":"2025-09-22T15:30:28","date_gmt":"2025-09-22T15:30:28","guid":{"rendered":"https:\/\/infogandia.es\/?p=7046"},"modified":"2025-09-22T15:32:21","modified_gmt":"2025-09-22T15:32:21","slug":"centenares-de-escolares-participan-en-la-primera-jornada-de-la-semana-europea-de-la-movilidad-en-gandia","status":"publish","type":"post","link":"https:\/\/infogandia.es\/index.php\/2025\/09\/22\/centenares-de-escolares-participan-en-la-primera-jornada-de-la-semana-europea-de-la-movilidad-en-gandia\/","title":{"rendered":"Centenares de escolares participan en la primera jornada de la Semana Europea de la Movilidad en Gandia"},"content":{"rendered":"\n<p>Gandia ha iniciado esta ma\u00f1ana las actividades de la <strong>Semana Europea de la Movilidad<\/strong>, que se celebrar\u00e1 hasta el 27 de septiembre bajo el lema \u201cCombina y mu\u00e9vete\u201d. La iniciativa busca concienciar sobre la importancia de un uso equilibrado y sostenible del espacio p\u00fablico, fomentando la convivencia entre peatones, bicicletas, transporte p\u00fablico y veh\u00edculos privados.<\/p>\n\n\n\n<p>La jornada inaugural tuvo lugar en la <strong>Plaza Mayor<\/strong>, donde centenares de escolares, acompa\u00f1ados por miembros del Consejo de la Infancia, participaron en un acto simb\u00f3lico con el despliegue de una bandera conmemorativa en el balc\u00f3n del Ayuntamiento. Durante el evento, los alumnos leyeron un <strong>manifesto<\/strong> reivindicando calles m\u00e1s seguras, aceras amplias y parques accesibles, as\u00ed como la necesidad de apostar por alternativas al coche privado, como el transporte p\u00fablico, la bicicleta o los desplazamientos a pie.<\/p>\n\n\n\n<p>El manifiesto tambi\u00e9n subray\u00f3 la <strong>coresponsabilidad de toda la sociedad<\/strong>, recordando que \u201cla movilidad del futuro la construimos hoy, con nuestras decisiones diarias, y es tarea de todos: administraciones, centros educativos, asociaciones, familias y vecinos\u201d.<\/p>\n\n\n\n<p>Tras el acto institucional, se celebr\u00f3 una <strong>marcha por la movilidad sostenible<\/strong> con dos itinerarios diferenciados: uno m\u00e1s largo para bicicletas y otro m\u00e1s corto para patinetes. La jornada cont\u00f3 con la presencia del alcalde, <strong>Jos\u00e9 Manuel Prieto<\/strong>; la concejala de Movilidad y Tr\u00e1fico, <strong>Lydia Morant<\/strong>; la concejala de Educaci\u00f3n, <strong>Esther Sapena<\/strong>, y otros miembros de la corporaci\u00f3n municipal.<\/p>\n\n\n\n<p><strong>Pr\u00f3ximas actividades:<\/strong><\/p>\n\n\n\n<ul class=\"wp-block-list\">\n<li><strong>Mi\u00e9rcoles 24:<\/strong> a las 10.30 h, <strong>Pleno de la Movilidad<\/strong>, donde los escolares presentar\u00e1n sus propuestas para mejorar la ciudad. Tres de ellas ser\u00e1n seleccionadas y defendidas p\u00fablicamente durante la sesi\u00f3n.<\/li>\n\n\n\n<li><strong>Viernes 26:<\/strong> <strong>Revolta Escolar<\/strong>, una acci\u00f3n reivindicativa de alumnos en su barrio con pancartas y mensajes a favor de la movilidad sostenible. La concejala Esther Sapena anima a m\u00e1s colegios a sumarse a la iniciativa.<\/li>\n\n\n\n<li><strong>S\u00e1bado 27:<\/strong> jornada de <strong>puertas abiertas en el nuevo Parc d\u2019Educaci\u00f3 Vi\u00e0ria<\/strong>, un circuito con pasos de peatones, sem\u00e1foros y rotondas donde los ni\u00f1os podr\u00e1n aprender de forma pr\u00e1ctica las normas b\u00e1sicas de circulaci\u00f3n y la convivencia entre distintos modos de transporte.<\/li>\n<\/ul>\n","protected":false},"excerpt":{"rendered":"<p>Gandia ha iniciado esta ma\u00f1ana las actividades de la Semana Europea de la Movilidad, que se celebrar\u00e1 hasta el 27 de septiembre bajo el lema \u201cCombina y mu\u00e9vete\u201d. La iniciativa busca concienciar sobre la importancia de un uso equilibrado y sostenible del espacio p\u00fablico, fomentando la convivencia entre peatones, bicicletas, transporte p\u00fablico y veh\u00edculos privados&#8230;.<\/p>\n","protected":false},"author":1,"featured_media":7047,"comment_status":"open","ping_status":"open","sticky":false,"template":"","format":"standard","meta":{"footnotes":""},"categories":[1],"tags":[],"class_list":["post-7046","post","type-post","status-publish","format-standard","has-post-thumbnail","hentry","category-actualidad"],"_links":{"self":[{"href":"https:\/\/infogandia.es\/index.php\/wp-json\/wp\/v2\/posts\/7046","targetHints":{"allow":["GET"]}}],"collection":[{"href":"https:\/\/infogandia.es\/index.php\/wp-json\/wp\/v2\/posts"}],"about":[{"href":"https:\/\/infogandia.es\/index.php\/wp-json\/wp\/v2\/types\/post"}],"author":[{"embeddable":true,"href":"https:\/\/infogandia.es\/index.php\/wp-json\/wp\/v2\/users\/1"}],"replies":[{"embeddable":true,"href":"https:\/\/infogandia.es\/index.php\/wp-json\/wp\/v2\/comments?post=7046"}],"version-history":[{"count":1,"href":"https:\/\/infogandia.es\/index.php\/wp-json\/wp\/v2\/posts\/7046\/revisions"}],"predecessor-version":[{"id":7048,"href":"https:\/\/infogandia.es\/index.php\/wp-json\/wp\/v2\/posts\/7046\/revisions\/7048"}],"wp:featuredmedia":[{"embeddable":true,"href":"https:\/\/infogandia.es\/index.php\/wp-json\/wp\/v2\/media\/7047"}],"wp:attachment":[{"href":"https:\/\/infogandia.es\/index.php\/wp-json\/wp\/v2\/media?parent=7046"}],"wp:term":[{"taxonomy":"category","embeddable":true,"href":"https:\/\/infogandia.es\/index.php\/wp-json\/wp\/v2\/categories?post=7046"},{"taxonomy":"post_tag","embeddable":true,"href":"https:\/\/infogandia.es\/index.php\/wp-json\/wp\/v2\/tags?post=7046"}],"curies":[{"name":"wp","href":"https:\/\/api.w.org\/{rel}","templated":true}]}}