{"id":7052,"date":"2025-09-19T07:16:19","date_gmt":"2025-09-19T07:16:19","guid":{"rendered":"https:\/\/infogandia.es\/?p=7052"},"modified":"2025-09-23T07:16:29","modified_gmt":"2025-09-23T07:16:29","slug":"oliva-acoge-manana-la-14a-edicion-de-la-marcha-cicloturista-totalenergies-gran-fons-alberto-contador","status":"publish","type":"post","link":"https:\/\/infogandia.es\/index.php\/2025\/09\/19\/oliva-acoge-manana-la-14a-edicion-de-la-marcha-cicloturista-totalenergies-gran-fons-alberto-contador\/","title":{"rendered":"Oliva acoge ma\u00f1ana la 14\u00aa edici\u00f3n de la marcha cicloturista TotalEnergies Gran Fons Alberto Contador"},"content":{"rendered":"\n<p>Este mediod\u00eda se ha presentado oficialmente la XIV edici\u00f3n de la marcha cicloturista TotalEnergies Gran Fons Alberto Contador, que se celebrar\u00e1 ma\u00f1ana, s\u00e1bado, y recorrer\u00e1 nuevamente las comarcas de La Safor, La Marina Alta, La Marina Baixa y El Comtat. Este a\u00f1o, el recorrido ha sufrido un peque\u00f1o ajuste para eliminar algunas curvas peligrosas y garantizar la m\u00e1xima seguridad de los participantes, especialmente en el tramo inicial. En total, los ciclistas recorrer\u00e1n 138,43 km, con un desnivel acumulado de 2.395 metros.<\/p>\n\n\n\n<p>La salida est\u00e1 prevista para ma\u00f1ana, s\u00e1bado, a las 8:00 horas desde Oliva Nova, donde tambi\u00e9n tendr\u00e1 lugar la llegada. Esta ma\u00f1ana se ha celebrado la presentaci\u00f3n oficial del evento, con la participaci\u00f3n de personalidades del ciclismo y de la administraci\u00f3n p\u00fablica.<\/p>\n\n\n\n<p>Si el a\u00f1o pasado el gran invitado fue Pedro Delgado, este a\u00f1o el homenajeado ser\u00e1 Lu\u00eds Le\u00f3n S\u00e1nchez, ciclista profesional desde 2004 hasta 2023. Especialista en contrarreloj, S\u00e1nchez ha ganado en cuatro ocasiones el Campeonato de Espa\u00f1a en esta disciplina (2008, 2010, 2011 y 2012) y ha logrado cuatro etapas en el Tour de Francia (2008, 2009, 2011 y 2012). Adem\u00e1s, en 2015 se colg\u00f3 la medalla de oro en ruta y la de bronce en contrarreloj en los primeros Juegos Europeos.<\/p>\n\n\n\n<p>A la presentaci\u00f3n han asistido, adem\u00e1s de Lu\u00eds Le\u00f3n S\u00e1nchez, Alberto Contador, el director general de Deportes de la Generalitat Valenciana, Lu\u00eds Cervera, el concejal de Deportes de Oliva, Joan Mascarell, y Leticia Fern\u00e1ndez, en representaci\u00f3n de TotalEnergies, patrocinador del evento. Tambi\u00e9n han participado Kike Guti\u00e9rrez, presidente de la Federaci\u00f3n Valenciana de Ciclismo, y Luis Borho, director de Oliva Nova Beach &amp; Golf Resort.<\/p>\n\n\n\n<p>La presentaci\u00f3n ha sido moderada por Juanmari Guajardo, periodista y locutor oficial de numerosas pruebas ciclistas.<\/p>\n\n\n\n<figure class=\"wp-block-image size-large\"><img fetchpriority=\"high\" decoding=\"async\" width=\"576\" height=\"1024\" src=\"http:\/\/infogandia.es\/wp-content\/uploads\/2025\/09\/19-09-2025-DONACIO-BICIS-FUNDACIO-ALBERTO-CONTADOR-OLIVA-576x1024.jpg\" alt=\"\" class=\"wp-image-7054\" srcset=\"https:\/\/infogandia.es\/wp-content\/uploads\/2025\/09\/19-09-2025-DONACIO-BICIS-FUNDACIO-ALBERTO-CONTADOR-OLIVA-576x1024.jpg 576w, https:\/\/infogandia.es\/wp-content\/uploads\/2025\/09\/19-09-2025-DONACIO-BICIS-FUNDACIO-ALBERTO-CONTADOR-OLIVA-169x300.jpg 169w, https:\/\/infogandia.es\/wp-content\/uploads\/2025\/09\/19-09-2025-DONACIO-BICIS-FUNDACIO-ALBERTO-CONTADOR-OLIVA-768x1365.jpg 768w, https:\/\/infogandia.es\/wp-content\/uploads\/2025\/09\/19-09-2025-DONACIO-BICIS-FUNDACIO-ALBERTO-CONTADOR-OLIVA-864x1536.jpg 864w, https:\/\/infogandia.es\/wp-content\/uploads\/2025\/09\/19-09-2025-DONACIO-BICIS-FUNDACIO-ALBERTO-CONTADOR-OLIVA.jpg 900w\" sizes=\"(max-width: 576px) 100vw, 576px\" \/><\/figure>\n\n\n\n<p>En esta edici\u00f3n, se espera la participaci\u00f3n de 2.100 ciclistas de 16 nacionalidades diferentes, entre las que destacan B\u00e9lgica, Reino Unido, Pa\u00edses Bajos, Polonia e Irlanda.<\/p>\n\n\n\n<p>Adem\u00e1s, esta tarde, frente al Hotel Oliva Nova, se celebrar\u00e1 un taller de bicicleta y seguridad vial para ni\u00f1os de 4 a 14 a\u00f1os, organizado por la Fundaci\u00f3n Alberto Contador.<\/p>\n\n\n\n<p><strong>Alberto Contador<\/strong>, exciclista profesional, ha destacado: &#8220;Estoy muy contento de poder volver a presentar y participar en el Gran Fons de Oliva. Es una marcha cicloturista que disfruto mucho, tanto del recorrido como del paisaje, de los amigos y de la gente que nos anima. Aqu\u00ed no se trata de ganar ni de llegar el primero, el premio es la misma marcha.&#8221;<\/p>\n\n\n\n<p><strong>Luis Borho<\/strong>, director de Oliva Nova Beach &amp; Golf Resort, ha se\u00f1alado: &#8220;Desde Oliva Nova, estamos convencidos de la importancia de organizar grandes eventos deportivos para desestacionalizar el turismo y atraer a un turismo familiar, saludable y de calidad. Siempre estamos dispuestos a colaborar, acoger y atender grandes pruebas o concentraciones deportivas de diversas disciplinas, como el ciclismo.&#8221;<\/p>\n\n\n\n<p><strong>Joan Mascarell<\/strong>, concejal de Deportes, ha afirmado: &#8220;El Gran Fons Alberto Contador es uno de nuestros eventos principales en el \u00e1mbito deportivo y tur\u00edstico. Es una prueba consolidada que este a\u00f1o llega a su 14\u00aa edici\u00f3n, lo que demuestra nuestra apuesta por el turismo deportivo y por la colaboraci\u00f3n p\u00fablico-privada en la organizaci\u00f3n de eventos que atraigan visitantes fuera de los meses de julio y agosto. Estamos muy satisfechos y agradecidos, tanto a la organizaci\u00f3n como al Ayuntamiento, Oliva Nova, a los participantes y al p\u00fablico que siempre nos acompa\u00f1a. As\u00ed que est\u00e1n todos invitados a participar, ya sea como ciclistas o como espectadores.&#8221;<\/p>\n\n\n\n<p>La marcha se perfila como uno de los eventos deportivos m\u00e1s importantes de la regi\u00f3n, consolid\u00e1ndose a\u00f1o tras a\u00f1o y atrayendo tanto a ciclistas profesionales como a aficionados de todo el mundo.<\/p>\n","protected":false},"excerpt":{"rendered":"<p>Este mediod\u00eda se ha presentado oficialmente la XIV edici\u00f3n de la marcha cicloturista TotalEnergies Gran Fons Alberto Contador, que se celebrar\u00e1 ma\u00f1ana, s\u00e1bado, y recorrer\u00e1 nuevamente las comarcas de La Safor, La Marina Alta, La Marina Baixa y El Comtat. Este a\u00f1o, el recorrido ha sufrido un peque\u00f1o ajuste para eliminar algunas curvas peligrosas y&#8230;<\/p>\n","protected":false},"author":1,"featured_media":7053,"comment_status":"open","ping_status":"open","sticky":false,"template":"","format":"standard","meta":{"footnotes":""},"categories":[1,4],"tags":[],"class_list":["post-7052","post","type-post","status-publish","format-standard","has-post-thumbnail","hentry","category-actualidad","category-deporte"],"_links":{"self":[{"href":"https:\/\/infogandia.es\/index.php\/wp-json\/wp\/v2\/posts\/7052","targetHints":{"allow":["GET"]}}],"collection":[{"href":"https:\/\/infogandia.es\/index.php\/wp-json\/wp\/v2\/posts"}],"about":[{"href":"https:\/\/infogandia.es\/index.php\/wp-json\/wp\/v2\/types\/post"}],"author":[{"embeddable":true,"href":"https:\/\/infogandia.es\/index.php\/wp-json\/wp\/v2\/users\/1"}],"replies":[{"embeddable":true,"href":"https:\/\/infogandia.es\/index.php\/wp-json\/wp\/v2\/comments?post=7052"}],"version-history":[{"count":1,"href":"https:\/\/infogandia.es\/index.php\/wp-json\/wp\/v2\/posts\/7052\/revisions"}],"predecessor-version":[{"id":7055,"href":"https:\/\/infogandia.es\/index.php\/wp-json\/wp\/v2\/posts\/7052\/revisions\/7055"}],"wp:featuredmedia":[{"embeddable":true,"href":"https:\/\/infogandia.es\/index.php\/wp-json\/wp\/v2\/media\/7053"}],"wp:attachment":[{"href":"https:\/\/infogandia.es\/index.php\/wp-json\/wp\/v2\/media?parent=7052"}],"wp:term":[{"taxonomy":"category","embeddable":true,"href":"https:\/\/infogandia.es\/index.php\/wp-json\/wp\/v2\/categories?post=7052"},{"taxonomy":"post_tag","embeddable":true,"href":"https:\/\/infogandia.es\/index.php\/wp-json\/wp\/v2\/tags?post=7052"}],"curies":[{"name":"wp","href":"https:\/\/api.w.org\/{rel}","templated":true}]}}