{"id":7056,"date":"2025-09-17T07:18:10","date_gmt":"2025-09-17T07:18:10","guid":{"rendered":"https:\/\/infogandia.es\/?p=7056"},"modified":"2025-09-23T07:18:36","modified_gmt":"2025-09-23T07:18:36","slug":"gandia-acoge-una-nueva-sesion-de-trabajo-sobre-la-linea-electrica-gandia-oliva","status":"publish","type":"post","link":"https:\/\/infogandia.es\/index.php\/2025\/09\/17\/gandia-acoge-una-nueva-sesion-de-trabajo-sobre-la-linea-electrica-gandia-oliva\/","title":{"rendered":"Gandia acoge una nueva sesi\u00f3n de trabajo sobre la l\u00ednea el\u00e9ctrica Gandia-Oliva"},"content":{"rendered":"\n<p>La Federaci\u00f3n de Asociaciones de Empresarios de la Safor (FAES) ha celebrado una segunda sesi\u00f3n de trabajo centrada en avanzar en las necesidades energ\u00e9ticas de la comarca, especialmente en lo relacionado con la l\u00ednea el\u00e9ctrica Gandia-Oliva. Este encuentro se enmarca dentro de los esfuerzos por mejorar la infraestructura energ\u00e9tica de la zona y garantizar un suministro el\u00e9ctrico adecuado para el crecimiento de la industria y los municipios afectados.<\/p>\n\n\n\n<p>La reuni\u00f3n se celebr\u00f3 el pasado mi\u00e9rcoles, 17 de septiembre, y fue presidida por el director general de Energ\u00eda y Minas, Manuel Arg\u00fcelles. En ella participaron representantes de FAES, Iberdrola, t\u00e9cnicos de los ocho municipios afectados (Gandia, Oliva, Bellreguard, Daim\u00fas, Piles, Miramar, Guardamar de la Safor y Alqueria de la Comtessa), as\u00ed como las empresas afectadas como Sklum, Ale-hop y Coprusa.<\/p>\n\n\n\n<p><strong>Objetivos clave de la reuni\u00f3n<\/strong><\/p>\n\n\n\n<p>Durante el encuentro, se abordaron varios puntos cruciales para avanzar en el desarrollo de la infraestructura el\u00e9ctrica en la comarca, entre ellos:<\/p>\n\n\n\n<ol class=\"wp-block-list\">\n<li><strong>Identificaci\u00f3n de las zonas residenciales y los pol\u00edgonos industriales que est\u00e9n preparados para asumir los costes de ingenier\u00eda y desarrollo de infraestructuras el\u00e9ctricas.<\/strong><\/li>\n\n\n\n<li><strong>Agilizaci\u00f3n de los tr\u00e1mites de las l\u00edneas de alimentaci\u00f3n desde la subestaci\u00f3n de Sancho Llop<\/strong>, con el objetivo de electrificar los pol\u00edgonos industriales, optimizando costes al compartir trazados entre los pol\u00edgonos cercanos.<\/li>\n\n\n\n<li><strong>Determinaci\u00f3n de los actores involucrados en cada &#8220;paquete&#8221; de pol\u00edgonos<\/strong>, lo que incluir\u00eda ayuntamientos, agentes urbanizadores e industriales.<\/li>\n\n\n\n<li><strong>Desarrollo de una hoja de ruta detallada<\/strong> para cada \u201cpaquete\u201d que incluya la formalizaci\u00f3n de solicitudes de suministro, la elaboraci\u00f3n de anteproyectos, las aprobaciones municipales y la integraci\u00f3n de las infraestructuras en los proyectos de urbanizaci\u00f3n.<\/li>\n\n\n\n<li><strong>Compromiso de todas las partes para la r\u00e1pida tramitaci\u00f3n de permisos y actuaciones necesarias<\/strong>.<\/li>\n<\/ol>\n\n\n\n<p><strong>Compromisos de los implicados<\/strong><\/p>\n\n\n\n<p>Desde la direcci\u00f3n de Iberdrola se comprometieron a atender y agilizar los tr\u00e1mites, trabajando de la mano con los t\u00e9cnicos municipales. Todos los presentes coincidieron en la importancia de crear una hoja de ruta clara y de priorizar las necesidades m\u00e1s inmediatas de ciertos municipios para asegurar que los pol\u00edgonos industriales tengan acceso a todos los servicios, especialmente a la conexi\u00f3n el\u00e9ctrica.<\/p>\n\n\n\n<p>El director general de Energ\u00eda y Minas, Manuel Arg\u00fcelles, destac\u00f3 el compromiso de su departamento para agilizar los tr\u00e1mites y dar prioridad a la comarca de la Safor por su importancia estrat\u00e9gica, trabajando en coordinaci\u00f3n con los t\u00e9cnicos municipales, la Federaci\u00f3n Empresarial y Iberdrola.<\/p>\n\n\n\n<p><strong>Pr\u00f3ximos pasos y compromisos un\u00e1nimes<\/strong><\/p>\n\n\n\n<p>Se acord\u00f3 convocar una nueva reuni\u00f3n en el futuro cercano para controlar las acciones realizadas y continuar con los esfuerzos para resolver los problemas de suministro el\u00e9ctrico. Desde la mesa de trabajo, todos los participantes mostraron su compromiso un\u00e1nime de facilitar los tr\u00e1mites y proporcionar las infraestructuras necesarias para el crecimiento econ\u00f3mico y empresarial de la comarca.<\/p>\n\n\n\n<p>Con esta sesi\u00f3n, la Comarca de la Safor da un paso m\u00e1s hacia la mejora de su infraestructura energ\u00e9tica, un aspecto clave para el desarrollo de la industria local y la atracci\u00f3n de nuevas inversiones en el futuro.<\/p>\n","protected":false},"excerpt":{"rendered":"<p>La Federaci\u00f3n de Asociaciones de Empresarios de la Safor (FAES) ha celebrado una segunda sesi\u00f3n de trabajo centrada en avanzar en las necesidades energ\u00e9ticas de la comarca, especialmente en lo relacionado con la l\u00ednea el\u00e9ctrica Gandia-Oliva. Este encuentro se enmarca dentro de los esfuerzos por mejorar la infraestructura energ\u00e9tica de la zona y garantizar un&#8230;<\/p>\n","protected":false},"author":1,"featured_media":7057,"comment_status":"open","ping_status":"open","sticky":false,"template":"","format":"standard","meta":{"footnotes":""},"categories":[6],"tags":[],"class_list":["post-7056","post","type-post","status-publish","format-standard","has-post-thumbnail","hentry","category-economia"],"_links":{"self":[{"href":"https:\/\/infogandia.es\/index.php\/wp-json\/wp\/v2\/posts\/7056","targetHints":{"allow":["GET"]}}],"collection":[{"href":"https:\/\/infogandia.es\/index.php\/wp-json\/wp\/v2\/posts"}],"about":[{"href":"https:\/\/infogandia.es\/index.php\/wp-json\/wp\/v2\/types\/post"}],"author":[{"embeddable":true,"href":"https:\/\/infogandia.es\/index.php\/wp-json\/wp\/v2\/users\/1"}],"replies":[{"embeddable":true,"href":"https:\/\/infogandia.es\/index.php\/wp-json\/wp\/v2\/comments?post=7056"}],"version-history":[{"count":1,"href":"https:\/\/infogandia.es\/index.php\/wp-json\/wp\/v2\/posts\/7056\/revisions"}],"predecessor-version":[{"id":7058,"href":"https:\/\/infogandia.es\/index.php\/wp-json\/wp\/v2\/posts\/7056\/revisions\/7058"}],"wp:featuredmedia":[{"embeddable":true,"href":"https:\/\/infogandia.es\/index.php\/wp-json\/wp\/v2\/media\/7057"}],"wp:attachment":[{"href":"https:\/\/infogandia.es\/index.php\/wp-json\/wp\/v2\/media?parent=7056"}],"wp:term":[{"taxonomy":"category","embeddable":true,"href":"https:\/\/infogandia.es\/index.php\/wp-json\/wp\/v2\/categories?post=7056"},{"taxonomy":"post_tag","embeddable":true,"href":"https:\/\/infogandia.es\/index.php\/wp-json\/wp\/v2\/tags?post=7056"}],"curies":[{"name":"wp","href":"https:\/\/api.w.org\/{rel}","templated":true}]}}