{"id":7059,"date":"2025-09-19T07:19:37","date_gmt":"2025-09-19T07:19:37","guid":{"rendered":"https:\/\/infogandia.es\/?p=7059"},"modified":"2025-09-23T07:20:12","modified_gmt":"2025-09-23T07:20:12","slug":"feria-de-los-servicios-una-oportunidad-para-conocer-todo-lo-que-ofrece-el-campus-de-gandia-de-la-upv","status":"publish","type":"post","link":"https:\/\/infogandia.es\/index.php\/2025\/09\/19\/feria-de-los-servicios-una-oportunidad-para-conocer-todo-lo-que-ofrece-el-campus-de-gandia-de-la-upv\/","title":{"rendered":"Feria de los Servicios: Una oportunidad para conocer todo lo que ofrece el campus de Gandia de la UPV"},"content":{"rendered":"\n<p>Despu\u00e9s de las jornadas de acogida dirigidas al alumnado de nuevo ingreso de grado y m\u00e1ster, y con la actividad docente ya en marcha, el campus de Gandia de la Universitat Polit\u00e8cnica de Val\u00e8ncia (UPV) celebr\u00f3 la esperada <strong>Feria de los Servicios<\/strong>, un evento dise\u00f1ado para que los nuevos estudiantes conozcan de primera mano los recursos y actividades disponibles en su campus universitario.<\/p>\n\n\n\n<p>Amparo Girona, subdirectora de Estudiantes y Ordenaci\u00f3n Docente de \u00c1mbito Tecnol\u00f3gico, destac\u00f3 la importancia de la feria: <em>\u201cLa Feria de Servicios complementa las jornadas de acogida y contribuye a que los nuevos estudiantes de grado y m\u00e1ster se sientan acompa\u00f1ados desde el primer momento. Adem\u00e1s, es una oportunidad para descubrir la vida universitaria y todas las actividades que har\u00e1n de su paso por el campus de Gandia una experiencia \u00fanica\u201d<\/em>.<\/p>\n\n\n\n<h3 class=\"wp-block-heading\">Descubriendo los recursos del campus<\/h3>\n\n\n\n<p>La feria, que tuvo lugar en el vest\u00edbulo del edificio G, se llen\u00f3 de estudiantes interesados en conocer los diversos servicios que el campus ofrece, entre los que se incluyen:<\/p>\n\n\n\n<ul class=\"wp-block-list\">\n<li><strong>La Biblioteca<\/strong>: informaci\u00f3n sobre horarios, recursos y actividades de apoyo acad\u00e9mico.<\/li>\n\n\n\n<li><strong>Instituto de Ciencias de la Educaci\u00f3n<\/strong>: para consultas relacionadas con el aprendizaje y el desarrollo acad\u00e9mico.<\/li>\n\n\n\n<li><strong>Promoci\u00f3n Ling\u00fc\u00edstica y Cultural<\/strong>: para fomentar la integraci\u00f3n cultural y ling\u00fc\u00edstica.<\/li>\n\n\n\n<li><strong>Oficina Internacional<\/strong>: orientaci\u00f3n sobre oportunidades internacionales y movilidad.<\/li>\n\n\n\n<li><strong>Servicio Integrado de Empleo<\/strong>: apoyo para pr\u00e1cticas y empleo tras finalizar los estudios.<\/li>\n\n\n\n<li><strong>Servicio de Deportes<\/strong>: informaci\u00f3n sobre actividades deportivas y de bienestar.<\/li>\n\n\n\n<li><strong>Ideas UPV<\/strong>: apoyo a la innovaci\u00f3n y emprendimiento.<\/li>\n\n\n\n<li><strong>Delegaci\u00f3n de Alumnos<\/strong>: representando los intereses de los estudiantes y organizando actividades.<\/li>\n<\/ul>\n\n\n\n<p>El evento fue tambi\u00e9n una excelente ocasi\u00f3n para que diferentes grupos y organizaciones estudiantiles pudieran dar a conocer sus actividades. Glen, miembro de la delegaci\u00f3n de alumnos, coment\u00f3: <em>\u201cNos da la oportunidad de darnos a conocer a todo el estudiantado del campus y de difundir nuestras actividades\u201d.<\/em><\/p>\n\n\n\n<h3 class=\"wp-block-heading\">Testimonios de estudiantes<\/h3>\n\n\n\n<p>Los estudiantes destacaron lo \u00fatil que resulta este tipo de eventos para los reci\u00e9n llegados. <strong>Guillem<\/strong>, estudiante del Doble Grado en Ingenier\u00eda de Sistemas de Telecomunicaci\u00f3n, Sonido e Imagen + Comunicaci\u00f3n Audiovisual, explic\u00f3: <em>\u201cEste tipo de ferias le da vida al campus y es muy \u00fatil para los nuevos estudiantes, ya que les permite conocer todo lo que ofrecemos\u201d.<\/em><\/p>\n\n\n\n<p>Por su parte, <strong>Maite<\/strong>, estudiante de cuarto curso de Comunicaci\u00f3n Audiovisual, que ha participado en la feria todos los a\u00f1os, se\u00f1al\u00f3: <em>\u201cEs importante para los estudiantes de primero y la participaci\u00f3n de todos hace que sea muy divertido\u201d.<\/em><\/p>\n\n\n\n<h3 class=\"wp-block-heading\">Generaci\u00f3n Espont\u00e1nea: un espacio para la creatividad y la innovaci\u00f3n<\/h3>\n\n\n\n<p>Una de las novedades de esta edici\u00f3n fue la participaci\u00f3n de <strong>Generaci\u00f3n Espont\u00e1nea<\/strong>, un programa de la UPV que act\u00faa como plataforma para iniciativas impulsadas \u00edntegramente por estudiantes. Zaida, integrante de <strong>Advanced EPSG<\/strong>, un nuevo grupo dentro de este programa, explic\u00f3 que la feria es una excelente oportunidad para compartir ideas y buscar nuevos perfiles interesados en unirse a sus proyectos. <em>\u201cBuscamos personas que tengan pasi\u00f3n por la tecnolog\u00eda, pero tambi\u00e9n estudiantes de otros campos como Ambientales, Turismo o Comunicaci\u00f3n\u201d<\/em>, dijo Zaida.<\/p>\n\n\n\n<p>En el campus de Gandia existen diversos grupos que trabajan en \u00e1reas tan variadas como la fotograf\u00eda, el teatro, la m\u00fasica y la lectura, entre otras.<\/p>\n\n\n\n<h3 class=\"wp-block-heading\">Un apoyo integral al estudiante<\/h3>\n\n\n\n<p>La Feria de los Servicios forma parte del <strong>PIAE+ (Plan Integral de Acompa\u00f1amiento al Estudiante)<\/strong>, un programa de la UPV dise\u00f1ado para apoyar a los estudiantes desde su matr\u00edcula hasta la finalizaci\u00f3n de sus estudios. A trav\u00e9s del PIAE+, se organizan las Jornadas de Acogida y el <strong>Plan de Acci\u00f3n Tutorial Universitario (PATU)<\/strong>, con el fin de facilitar la integraci\u00f3n, orientaci\u00f3n y \u00e9xito del alumnado en su desarrollo acad\u00e9mico y personal.<\/p>\n\n\n\n<h3 class=\"wp-block-heading\">Pr\u00f3ximos eventos y actividades<\/h3>\n\n\n\n<p>Para conocer todas las actividades previstas en el campus de Gandia, los estudiantes pueden consultar la <strong>agenda web<\/strong> disponible en el siguiente enlace: <a href=\"https:\/\/www.upv.es\/entidades\/epsg\/agenda\/\">Agenda del campus de Gandia<\/a>.<\/p>\n\n\n\n<p>Con la <strong>Feria de los Servicios<\/strong>, el campus de Gandia reafirma su compromiso de apoyar a los estudiantes en su integraci\u00f3n y desarrollo, ayud\u00e1ndoles a sacar el m\u00e1ximo provecho de su experiencia universitaria.<\/p>\n","protected":false},"excerpt":{"rendered":"<p>Despu\u00e9s de las jornadas de acogida dirigidas al alumnado de nuevo ingreso de grado y m\u00e1ster, y con la actividad docente ya en marcha, el campus de Gandia de la Universitat Polit\u00e8cnica de Val\u00e8ncia (UPV) celebr\u00f3 la esperada Feria de los Servicios, un evento dise\u00f1ado para que los nuevos estudiantes conozcan de primera mano los&#8230;<\/p>\n","protected":false},"author":1,"featured_media":7060,"comment_status":"open","ping_status":"open","sticky":false,"template":"","format":"standard","meta":{"footnotes":""},"categories":[1,5],"tags":[],"class_list":["post-7059","post","type-post","status-publish","format-standard","has-post-thumbnail","hentry","category-actualidad","category-educacion"],"_links":{"self":[{"href":"https:\/\/infogandia.es\/index.php\/wp-json\/wp\/v2\/posts\/7059","targetHints":{"allow":["GET"]}}],"collection":[{"href":"https:\/\/infogandia.es\/index.php\/wp-json\/wp\/v2\/posts"}],"about":[{"href":"https:\/\/infogandia.es\/index.php\/wp-json\/wp\/v2\/types\/post"}],"author":[{"embeddable":true,"href":"https:\/\/infogandia.es\/index.php\/wp-json\/wp\/v2\/users\/1"}],"replies":[{"embeddable":true,"href":"https:\/\/infogandia.es\/index.php\/wp-json\/wp\/v2\/comments?post=7059"}],"version-history":[{"count":1,"href":"https:\/\/infogandia.es\/index.php\/wp-json\/wp\/v2\/posts\/7059\/revisions"}],"predecessor-version":[{"id":7061,"href":"https:\/\/infogandia.es\/index.php\/wp-json\/wp\/v2\/posts\/7059\/revisions\/7061"}],"wp:featuredmedia":[{"embeddable":true,"href":"https:\/\/infogandia.es\/index.php\/wp-json\/wp\/v2\/media\/7060"}],"wp:attachment":[{"href":"https:\/\/infogandia.es\/index.php\/wp-json\/wp\/v2\/media?parent=7059"}],"wp:term":[{"taxonomy":"category","embeddable":true,"href":"https:\/\/infogandia.es\/index.php\/wp-json\/wp\/v2\/categories?post=7059"},{"taxonomy":"post_tag","embeddable":true,"href":"https:\/\/infogandia.es\/index.php\/wp-json\/wp\/v2\/tags?post=7059"}],"curies":[{"name":"wp","href":"https:\/\/api.w.org\/{rel}","templated":true}]}}