{"id":7062,"date":"2025-09-23T15:46:08","date_gmt":"2025-09-23T15:46:08","guid":{"rendered":"https:\/\/infogandia.es\/?p=7062"},"modified":"2025-09-23T15:46:08","modified_gmt":"2025-09-23T15:46:08","slug":"gandia-contara-con-42-nuevas-viviendas-de-proteccion-publica-gracias-al-plan-vive-del-consell","status":"publish","type":"post","link":"https:\/\/infogandia.es\/index.php\/2025\/09\/23\/gandia-contara-con-42-nuevas-viviendas-de-proteccion-publica-gracias-al-plan-vive-del-consell\/","title":{"rendered":"Gandia contar\u00e1 con 42 nuevas viviendas de protecci\u00f3n p\u00fablica gracias al Plan Vive del Consell"},"content":{"rendered":"\n<p>La Generalitat Valenciana, a trav\u00e9s de la Vicepresidencia Primera y Conselleria de Servicios Sociales, Igualdad y Vivienda, ha adjudicado la construcci\u00f3n de 42 viviendas de protecci\u00f3n p\u00fablica en la Pla\u00e7a El\u00b7l\u00edptica de Gandia.<\/p>\n\n\n\n<p>Esta actuaci\u00f3n se enmarca dentro del Plan Vive de la Comunitat Valenciana, cuyo objetivo es movilizar suelo p\u00fablico auton\u00f3mico y municipal para edificar 10.000 viviendas de protecci\u00f3n p\u00fablica a lo largo de la legislatura. En el caso de Gandia, el solar sobre el que se levantar\u00e1n las viviendas es de titularidad de la Generalitat.<\/p>\n\n\n\n<p>La Entidad Valenciana de Vivienda y Suelo (EVHA) ya hab\u00eda licitado la construcci\u00f3n de m\u00e1s de 1.600 viviendas mediante el sistema de permuta a cambio de obra futura, entre las que se incluyen las de Gandia. Con esta nueva promoci\u00f3n, la ciudad alcanzar\u00e1 un total de 109 viviendas de protecci\u00f3n p\u00fablica impulsadas por el actual Consell.<\/p>\n\n\n\n<p>El portavoz del Grupo Municipal Popular en Gandia, V\u00edctor Soler, destac\u00f3 que \u201cfrente al problema de la falta de construcci\u00f3n de vivienda heredado del Bot\u00e0nic y, especialmente, del gobierno socialista de Gandia, el Consell del Partido Popular cumple a trav\u00e9s del Plan Vive, ofreciendo soluciones reales para que los j\u00f3venes y las familias puedan acceder a una vivienda digna\u201d.<\/p>\n\n\n\n<p>Asimismo, Soler inst\u00f3 al gobierno local a sumarse al Plan Vive y \u201cdejar de vivir de espaldas a la realidad que sufren los vecinos\u201d, al tiempo que exigi\u00f3 al alcalde que \u201cabandone su sal\u00f3n de boatos y se centre en garantizar viviendas asequibles para todos los gandienses\u201d.<\/p>\n","protected":false},"excerpt":{"rendered":"<p>La Generalitat Valenciana, a trav\u00e9s de la Vicepresidencia Primera y Conselleria de Servicios Sociales, Igualdad y Vivienda, ha adjudicado la construcci\u00f3n de 42 viviendas de protecci\u00f3n p\u00fablica en la Pla\u00e7a El\u00b7l\u00edptica de Gandia. Esta actuaci\u00f3n se enmarca dentro del Plan Vive de la Comunitat Valenciana, cuyo objetivo es movilizar suelo p\u00fablico auton\u00f3mico y municipal para&#8230;<\/p>\n","protected":false},"author":1,"featured_media":6817,"comment_status":"open","ping_status":"open","sticky":false,"template":"","format":"standard","meta":{"footnotes":""},"categories":[1,3],"tags":[],"class_list":["post-7062","post","type-post","status-publish","format-standard","has-post-thumbnail","hentry","category-actualidad","category-politica"],"_links":{"self":[{"href":"https:\/\/infogandia.es\/index.php\/wp-json\/wp\/v2\/posts\/7062","targetHints":{"allow":["GET"]}}],"collection":[{"href":"https:\/\/infogandia.es\/index.php\/wp-json\/wp\/v2\/posts"}],"about":[{"href":"https:\/\/infogandia.es\/index.php\/wp-json\/wp\/v2\/types\/post"}],"author":[{"embeddable":true,"href":"https:\/\/infogandia.es\/index.php\/wp-json\/wp\/v2\/users\/1"}],"replies":[{"embeddable":true,"href":"https:\/\/infogandia.es\/index.php\/wp-json\/wp\/v2\/comments?post=7062"}],"version-history":[{"count":1,"href":"https:\/\/infogandia.es\/index.php\/wp-json\/wp\/v2\/posts\/7062\/revisions"}],"predecessor-version":[{"id":7063,"href":"https:\/\/infogandia.es\/index.php\/wp-json\/wp\/v2\/posts\/7062\/revisions\/7063"}],"wp:featuredmedia":[{"embeddable":true,"href":"https:\/\/infogandia.es\/index.php\/wp-json\/wp\/v2\/media\/6817"}],"wp:attachment":[{"href":"https:\/\/infogandia.es\/index.php\/wp-json\/wp\/v2\/media?parent=7062"}],"wp:term":[{"taxonomy":"category","embeddable":true,"href":"https:\/\/infogandia.es\/index.php\/wp-json\/wp\/v2\/categories?post=7062"},{"taxonomy":"post_tag","embeddable":true,"href":"https:\/\/infogandia.es\/index.php\/wp-json\/wp\/v2\/tags?post=7062"}],"curies":[{"name":"wp","href":"https:\/\/api.w.org\/{rel}","templated":true}]}}