{"id":7064,"date":"2025-09-23T15:48:48","date_gmt":"2025-09-23T15:48:48","guid":{"rendered":"https:\/\/infogandia.es\/?p=7064"},"modified":"2025-09-23T15:48:49","modified_gmt":"2025-09-23T15:48:49","slug":"gandia-inaugura-dos-exposiciones-con-motivo-del-36o-encuentro-nacional-de-cofradias-de-semana-santa","status":"publish","type":"post","link":"https:\/\/infogandia.es\/index.php\/2025\/09\/23\/gandia-inaugura-dos-exposiciones-con-motivo-del-36o-encuentro-nacional-de-cofradias-de-semana-santa\/","title":{"rendered":"Gandia inaugura dos exposiciones con motivo del 36\u00ba Encuentro Nacional de Cofrad\u00edas de Semana Santa"},"content":{"rendered":"\n<p>La Sala Coll Alas y el paseo de las German\u00edas acogen desde ayer dos exposiciones que abren el programa cultural del 36\u00ba Encuentro Nacional de Cofrad\u00edas de Semana Santa, que se celebrar\u00e1 en la ciudad del 25 al 28 de septiembre y convertir\u00e1 a Gandia en el epicentro nacional de esta tradici\u00f3n.<\/p>\n\n\n\n<p>La primera muestra, titulada <em>\u201cLa Semana Santa a trav\u00e9s de una c\u00e1mara\u201d<\/em> y ubicada en la Sala Coll Alas, re\u00fane los primeros premios de los \u00faltimos 30 a\u00f1os del Concurso Nacional de Fotograf\u00eda Art\u00edstica de la Semana Santa de Gandia, consolidado como uno de los cert\u00e1menes m\u00e1s destacados de Espa\u00f1a en su especialidad. La segunda exposici\u00f3n, instalada en el paseo de las German\u00edas frente a la Casa de la Marquesa, est\u00e1 dedicada a las cofrad\u00edas locales y refleja su singularidad e identidad como motor cultural y espiritual de la ciudad.<\/p>\n\n\n\n<p>Durante la inauguraci\u00f3n, el alcalde de Gandia, Jos\u00e9 Manuel Prieto, destac\u00f3 que \u201cfaltan muy pocos d\u00edas para que Gandia se convierta en la capital espa\u00f1ola de la Semana Santa. Gracias a este Encuentro, nuestra ciudad se proyectar\u00e1 como un referente patrimonial, cultural y tur\u00edstico\u201d. Prieto record\u00f3 adem\u00e1s que ya se han inscrito cerca de 500 participantes de toda Espa\u00f1a, superando las cifras de ediciones anteriores en ciudades de mayor tama\u00f1o, lo que confirma la expectaci\u00f3n que genera el evento.<\/p>\n\n\n\n<p>El programa del Encuentro incluir\u00e1 la <em>Visitatio Sepulchri<\/em>, la procesi\u00f3n extraordinaria del Santo Entierro, conciertos de m\u00fasica cofrade, encuentros de j\u00f3venes cofrades y distintos actos lit\u00fargicos, culturales y gastron\u00f3micos. \u201cGandia no solo ser\u00e1 anfitriona de un acontecimiento que regresa 30 a\u00f1os despu\u00e9s, sino que reafirma su compromiso con la promoci\u00f3n del arte, la cultura y el patrimonio inmaterial de la Semana Santa\u201d, subray\u00f3 el alcalde, quien concluy\u00f3 que este Congreso ser\u00e1 \u201cun motivo de orgullo colectivo, una cita cargada de emoci\u00f3n, fe, identidad y hospitalidad, que situar\u00e1 a Gandia como una de las grandes capitales de la Semana Santa en Espa\u00f1a\u201d.<\/p>\n\n\n\n<p>El presidente de la Junta Mayor de Cofrad\u00edas, Emili Ripoll; la madrina de la Semana Santa, Paula Cabanilles; el comisario de la exposici\u00f3n, Ximo Olaso; la concejala de Turismo, Balbina Sendra; el edil de Semana Santa, Miguel \u00c1ngel Picornell; as\u00ed como miembros de la corporaci\u00f3n municipal y representantes del mundo cofrade local, estuvieron presentes en la apertura de ambas muestras.<\/p>\n","protected":false},"excerpt":{"rendered":"<p>La Sala Coll Alas y el paseo de las German\u00edas acogen desde ayer dos exposiciones que abren el programa cultural del 36\u00ba Encuentro Nacional de Cofrad\u00edas de Semana Santa, que se celebrar\u00e1 en la ciudad del 25 al 28 de septiembre y convertir\u00e1 a Gandia en el epicentro nacional de esta tradici\u00f3n. La primera muestra,&#8230;<\/p>\n","protected":false},"author":1,"featured_media":7065,"comment_status":"open","ping_status":"open","sticky":false,"template":"","format":"standard","meta":{"footnotes":""},"categories":[1],"tags":[],"class_list":["post-7064","post","type-post","status-publish","format-standard","has-post-thumbnail","hentry","category-actualidad"],"_links":{"self":[{"href":"https:\/\/infogandia.es\/index.php\/wp-json\/wp\/v2\/posts\/7064","targetHints":{"allow":["GET"]}}],"collection":[{"href":"https:\/\/infogandia.es\/index.php\/wp-json\/wp\/v2\/posts"}],"about":[{"href":"https:\/\/infogandia.es\/index.php\/wp-json\/wp\/v2\/types\/post"}],"author":[{"embeddable":true,"href":"https:\/\/infogandia.es\/index.php\/wp-json\/wp\/v2\/users\/1"}],"replies":[{"embeddable":true,"href":"https:\/\/infogandia.es\/index.php\/wp-json\/wp\/v2\/comments?post=7064"}],"version-history":[{"count":1,"href":"https:\/\/infogandia.es\/index.php\/wp-json\/wp\/v2\/posts\/7064\/revisions"}],"predecessor-version":[{"id":7067,"href":"https:\/\/infogandia.es\/index.php\/wp-json\/wp\/v2\/posts\/7064\/revisions\/7067"}],"wp:featuredmedia":[{"embeddable":true,"href":"https:\/\/infogandia.es\/index.php\/wp-json\/wp\/v2\/media\/7065"}],"wp:attachment":[{"href":"https:\/\/infogandia.es\/index.php\/wp-json\/wp\/v2\/media?parent=7064"}],"wp:term":[{"taxonomy":"category","embeddable":true,"href":"https:\/\/infogandia.es\/index.php\/wp-json\/wp\/v2\/categories?post=7064"},{"taxonomy":"post_tag","embeddable":true,"href":"https:\/\/infogandia.es\/index.php\/wp-json\/wp\/v2\/tags?post=7064"}],"curies":[{"name":"wp","href":"https:\/\/api.w.org\/{rel}","templated":true}]}}