{"id":7068,"date":"2025-09-23T15:49:23","date_gmt":"2025-09-23T15:49:23","guid":{"rendered":"https:\/\/infogandia.es\/?p=7068"},"modified":"2025-09-23T15:49:24","modified_gmt":"2025-09-23T15:49:24","slug":"el-instituto-cervantes-se-implica-con-gandia-pensa-y-acuerda-con-el-ayuntamiento-establecer-lineas-de-cooperacion-cultural","status":"publish","type":"post","link":"https:\/\/infogandia.es\/index.php\/2025\/09\/23\/el-instituto-cervantes-se-implica-con-gandia-pensa-y-acuerda-con-el-ayuntamiento-establecer-lineas-de-cooperacion-cultural\/","title":{"rendered":"El Instituto Cervantes se implica con \u2018Gandia Pensa\u2019 y acuerda con el Ayuntamiento establecer l\u00edneas de cooperaci\u00f3n cultural"},"content":{"rendered":"\n<p>El alcalde de Gandia, Jos\u00e9 Manuel Prieto, y la concejala de Cultura, Balbina Sendra, mantuvieron recientemente en Madrid una reuni\u00f3n con el director del Instituto Cervantes, Luis Garc\u00eda Montero, con el objetivo de establecer diferentes l\u00edneas de colaboraci\u00f3n cultural entre ambas instituciones.<\/p>\n\n\n\n<p>Seg\u00fan explic\u00f3 el alcalde, el Instituto Cervantes no solo se implicar\u00e1 en el programa <em>\u2018Gandia Pensa\u2019<\/em>, sino que tambi\u00e9n se contempla la llegada a la ciudad de actividades organizadas directamente por la entidad. \u201cEsta instituci\u00f3n, con presencia en todo el mundo, contribuir\u00e1 a reforzar la proyecci\u00f3n de Gandia y permitir\u00e1 que actividades del Cervantes lleguen por primera vez a nuestra ciudad. Con ello no solo se potenciar\u00e1 el turismo de congresos, sino que se situar\u00e1 a Gandia como uno de los puntos de referencia de una entidad tan importante\u201d, se\u00f1al\u00f3 Prieto.<\/p>\n\n\n\n<p>El Instituto Cervantes tiene como misi\u00f3n promover el estudio, la ense\u00f1anza y el uso del espa\u00f1ol en el \u00e1mbito internacional, adem\u00e1s de difundir la cultura hisp\u00e1nica. Actualmente cuenta con presencia en m\u00e1s de 100 ciudades de 54 pa\u00edses en los cinco continentes.<\/p>\n\n\n\n<h3 class=\"wp-block-heading\">Tercera edici\u00f3n de <em>\u2018Gandia Pensa\u2019<\/em><\/h3>\n\n\n\n<p>El alcalde record\u00f3 que <em>\u2018Gandia Pensa\u2019<\/em> \u201cya est\u00e1 consolidado como un espacio de pensamiento cr\u00edtico y un referente en la defensa de los valores democr\u00e1ticos\u201d. Tras el \u00e9xito de sus dos primeras ediciones, que contaron con el fil\u00f3sofo Theodor Kallifatides y el magistrado Joaquim Bosch, la cita regresa ma\u00f1ana, 24 de septiembre, en el Palau Ducal a las 19:30 horas.<\/p>\n\n\n\n<p>En esta ocasi\u00f3n participar\u00e1n los humanistas Marina Garc\u00e9s y Antonio Monegal, quienes intervendr\u00e1n en una mesa bajo el t\u00edtulo <em>\u201cCultura y democracia. Repensar el mundo a trav\u00e9s de la palabra\u201d<\/em>, donde se abordar\u00e1n cuestiones de actualidad y se pondr\u00e1 en valor la importancia de la palabra y de la democracia en un contexto global marcado por la incertidumbre.<\/p>\n\n\n\n<p><em>\u2018Gandia Pensa\u2019<\/em> es una iniciativa del Ayuntamiento de Gandia en colaboraci\u00f3n con la C\u00e1tedra Joan Noguera de la Universitat de Val\u00e8ncia, el CEIC Alfons el Vell y la Direcci\u00f3n General del Libro del Ministerio de Cultura. La comisaria del ciclo es \u00c0ngels Gregori. Su finalidad es reforzar los valores humanistas en el contexto actual.<\/p>\n","protected":false},"excerpt":{"rendered":"<p>El alcalde de Gandia, Jos\u00e9 Manuel Prieto, y la concejala de Cultura, Balbina Sendra, mantuvieron recientemente en Madrid una reuni\u00f3n con el director del Instituto Cervantes, Luis Garc\u00eda Montero, con el objetivo de establecer diferentes l\u00edneas de colaboraci\u00f3n cultural entre ambas instituciones. Seg\u00fan explic\u00f3 el alcalde, el Instituto Cervantes no solo se implicar\u00e1 en el&#8230;<\/p>\n","protected":false},"author":1,"featured_media":7066,"comment_status":"open","ping_status":"open","sticky":false,"template":"","format":"standard","meta":{"footnotes":""},"categories":[1,27],"tags":[],"class_list":["post-7068","post","type-post","status-publish","format-standard","has-post-thumbnail","hentry","category-actualidad","category-sociedad"],"_links":{"self":[{"href":"https:\/\/infogandia.es\/index.php\/wp-json\/wp\/v2\/posts\/7068","targetHints":{"allow":["GET"]}}],"collection":[{"href":"https:\/\/infogandia.es\/index.php\/wp-json\/wp\/v2\/posts"}],"about":[{"href":"https:\/\/infogandia.es\/index.php\/wp-json\/wp\/v2\/types\/post"}],"author":[{"embeddable":true,"href":"https:\/\/infogandia.es\/index.php\/wp-json\/wp\/v2\/users\/1"}],"replies":[{"embeddable":true,"href":"https:\/\/infogandia.es\/index.php\/wp-json\/wp\/v2\/comments?post=7068"}],"version-history":[{"count":1,"href":"https:\/\/infogandia.es\/index.php\/wp-json\/wp\/v2\/posts\/7068\/revisions"}],"predecessor-version":[{"id":7069,"href":"https:\/\/infogandia.es\/index.php\/wp-json\/wp\/v2\/posts\/7068\/revisions\/7069"}],"wp:featuredmedia":[{"embeddable":true,"href":"https:\/\/infogandia.es\/index.php\/wp-json\/wp\/v2\/media\/7066"}],"wp:attachment":[{"href":"https:\/\/infogandia.es\/index.php\/wp-json\/wp\/v2\/media?parent=7068"}],"wp:term":[{"taxonomy":"category","embeddable":true,"href":"https:\/\/infogandia.es\/index.php\/wp-json\/wp\/v2\/categories?post=7068"},{"taxonomy":"post_tag","embeddable":true,"href":"https:\/\/infogandia.es\/index.php\/wp-json\/wp\/v2\/tags?post=7068"}],"curies":[{"name":"wp","href":"https:\/\/api.w.org\/{rel}","templated":true}]}}