{"id":7070,"date":"2025-09-23T15:51:15","date_gmt":"2025-09-23T15:51:15","guid":{"rendered":"https:\/\/infogandia.es\/?p=7070"},"modified":"2025-09-23T15:51:16","modified_gmt":"2025-09-23T15:51:16","slug":"cientos-de-personas-participan-en-la-fiesta-infantil-por-la-apertura-de-los-nuevos-espacios-humanizados-en-el-entorno-del-ayuntamiento-de-gandia","status":"publish","type":"post","link":"https:\/\/infogandia.es\/index.php\/2025\/09\/23\/cientos-de-personas-participan-en-la-fiesta-infantil-por-la-apertura-de-los-nuevos-espacios-humanizados-en-el-entorno-del-ayuntamiento-de-gandia\/","title":{"rendered":"Cientos de personas participan en la fiesta infantil por la apertura de los nuevos espacios humanizados en el entorno del Ayuntamiento de Gandia"},"content":{"rendered":"\n<p>Cientos de personas asistieron ayer a la fiesta infantil organizada por el Ayuntamiento de Gandia con motivo de la apertura de las calles y la plaza que han sido objeto de un proceso de humanizaci\u00f3n en el entorno del consistorio.<\/p>\n\n\n\n<p>El nuevo espacio, recuperado para la ciudadan\u00eda, queda restringido al tr\u00e1fico exclusivamente vecinal, transporte p\u00fablico, servicios de emergencia, carga y descarga, as\u00ed como para los usuarios de los aparcamientos Serpis y Prado.<\/p>\n\n\n\n<p>Durante la jornada festiva, los m\u00e1s peque\u00f1os disfrutaron de m\u00fasica, juegos tradicionales y reparto de palomitas en un entorno renovado tras una inversi\u00f3n global de 2.020.000 euros. De esta cantidad, 400.000 euros corresponden a las obras de la calle Jesu\u00eftes, financiadas en gran parte con fondos europeos del Plan de Transformaci\u00f3n, Recuperaci\u00f3n y Resiliencia.<\/p>\n\n\n\n<p>El resto de la inversi\u00f3n, 1.600.000 euros, se ha destinado a la remodelaci\u00f3n del entorno de la calle Carmelites y de la plaza de la Vila, con aportaciones procedentes del Plan Convivint de la Generalitat Valenciana y de fondos propios municipales.<\/p>\n","protected":false},"excerpt":{"rendered":"<p>Cientos de personas asistieron ayer a la fiesta infantil organizada por el Ayuntamiento de Gandia con motivo de la apertura de las calles y la plaza que han sido objeto de un proceso de humanizaci\u00f3n en el entorno del consistorio. El nuevo espacio, recuperado para la ciudadan\u00eda, queda restringido al tr\u00e1fico exclusivamente vecinal, transporte p\u00fablico,&#8230;<\/p>\n","protected":false},"author":1,"featured_media":7071,"comment_status":"open","ping_status":"open","sticky":false,"template":"","format":"standard","meta":{"footnotes":""},"categories":[1],"tags":[],"class_list":["post-7070","post","type-post","status-publish","format-standard","has-post-thumbnail","hentry","category-actualidad"],"_links":{"self":[{"href":"https:\/\/infogandia.es\/index.php\/wp-json\/wp\/v2\/posts\/7070","targetHints":{"allow":["GET"]}}],"collection":[{"href":"https:\/\/infogandia.es\/index.php\/wp-json\/wp\/v2\/posts"}],"about":[{"href":"https:\/\/infogandia.es\/index.php\/wp-json\/wp\/v2\/types\/post"}],"author":[{"embeddable":true,"href":"https:\/\/infogandia.es\/index.php\/wp-json\/wp\/v2\/users\/1"}],"replies":[{"embeddable":true,"href":"https:\/\/infogandia.es\/index.php\/wp-json\/wp\/v2\/comments?post=7070"}],"version-history":[{"count":1,"href":"https:\/\/infogandia.es\/index.php\/wp-json\/wp\/v2\/posts\/7070\/revisions"}],"predecessor-version":[{"id":7073,"href":"https:\/\/infogandia.es\/index.php\/wp-json\/wp\/v2\/posts\/7070\/revisions\/7073"}],"wp:featuredmedia":[{"embeddable":true,"href":"https:\/\/infogandia.es\/index.php\/wp-json\/wp\/v2\/media\/7071"}],"wp:attachment":[{"href":"https:\/\/infogandia.es\/index.php\/wp-json\/wp\/v2\/media?parent=7070"}],"wp:term":[{"taxonomy":"category","embeddable":true,"href":"https:\/\/infogandia.es\/index.php\/wp-json\/wp\/v2\/categories?post=7070"},{"taxonomy":"post_tag","embeddable":true,"href":"https:\/\/infogandia.es\/index.php\/wp-json\/wp\/v2\/tags?post=7070"}],"curies":[{"name":"wp","href":"https:\/\/api.w.org\/{rel}","templated":true}]}}