{"id":7074,"date":"2025-09-23T15:51:58","date_gmt":"2025-09-23T15:51:58","guid":{"rendered":"https:\/\/infogandia.es\/?p=7074"},"modified":"2025-09-23T15:51:58","modified_gmt":"2025-09-23T15:51:58","slug":"el-salon-de-los-arcos-del-ayuntamiento-acoge-desde-hoy-la-exposicion-la-fira-i-el-tio-de-la-porra","status":"publish","type":"post","link":"https:\/\/infogandia.es\/index.php\/2025\/09\/23\/el-salon-de-los-arcos-del-ayuntamiento-acoge-desde-hoy-la-exposicion-la-fira-i-el-tio-de-la-porra\/","title":{"rendered":"El Sal\u00f3n de los Arcos del Ayuntamiento acoge desde hoy la exposici\u00f3n \u2018La Fira i el Tio de la Porra\u2019"},"content":{"rendered":"\n<p>El Sal\u00f3n de los Arcos del Ayuntamiento de Gandia acoge desde hoy la muestra <em>\u201cLa Fira i el Tio de la Porra\u201d<\/em>, una exposici\u00f3n que recorre la historia de este emblem\u00e1tico personaje a trav\u00e9s de disfraces, accesorios, fotograf\u00edas antiguas y carteles anunciadores de la Fira, algunos de ellos datados en 1897. La muestra incluye adem\u00e1s un v\u00eddeo que repasa la trayectoria del Tio de la Porra y su relevancia en la Fira i Festes.<\/p>\n\n\n\n<p>El acto de apertura cont\u00f3 con la presencia del alcalde de Gandia, Jos\u00e9 Manuel Prieto, y de la concejala de Cultura y Fira i Festes, Balbina Sendra, acompa\u00f1ados por portavoces municipales y t\u00e9cnicos del departamento.<\/p>\n\n\n\n<p>Tras la visita, el alcalde destac\u00f3 la importancia del Tio de la Porra como elemento identitario de la ciudad: <em>\u201cEsta exposici\u00f3n permitir\u00e1 a los ciudadanos disfrutar de un elemento central de nuestra Fira i Festes, un s\u00edmbolo de identidad y orgullo local que ha acompa\u00f1ado a varias generaciones y representa la forma en que compartimos y celebramos nuestra ciudad\u201d<\/em>. Prieto subray\u00f3 tambi\u00e9n el crecimiento hist\u00f3rico de las bandas del Tio de la Porra, que en la edici\u00f3n actual superan las 200 personas.<\/p>\n\n\n\n<p>Por su parte, Sendra invit\u00f3 a vecinos y visitantes a acercarse a la muestra: <em>\u201cEl Tio de la Porra es un personaje de gran relevancia local y cultural, y esta exposici\u00f3n permite transmitir nuestra tradici\u00f3n e identidad tanto a los gandienses como a los turistas. Conocer nuestra fiesta es tambi\u00e9n conocer nuestra esencia como ciudad\u201d<\/em>.<\/p>\n\n\n\n<p>La exposici\u00f3n <em>\u2018La Fira i el Tio de la Porra\u2019<\/em> podr\u00e1 visitarse en horario de lunes a viernes, de 09:00 a 14:00 horas y de 17:30 a 20:30 horas, y los s\u00e1bados de 10:00 a 14:00 horas.<\/p>\n","protected":false},"excerpt":{"rendered":"<p>El Sal\u00f3n de los Arcos del Ayuntamiento de Gandia acoge desde hoy la muestra \u201cLa Fira i el Tio de la Porra\u201d, una exposici\u00f3n que recorre la historia de este emblem\u00e1tico personaje a trav\u00e9s de disfraces, accesorios, fotograf\u00edas antiguas y carteles anunciadores de la Fira, algunos de ellos datados en 1897. La muestra incluye adem\u00e1s&#8230;<\/p>\n","protected":false},"author":1,"featured_media":7072,"comment_status":"open","ping_status":"open","sticky":false,"template":"","format":"standard","meta":{"footnotes":""},"categories":[1,27],"tags":[],"class_list":["post-7074","post","type-post","status-publish","format-standard","has-post-thumbnail","hentry","category-actualidad","category-sociedad"],"_links":{"self":[{"href":"https:\/\/infogandia.es\/index.php\/wp-json\/wp\/v2\/posts\/7074","targetHints":{"allow":["GET"]}}],"collection":[{"href":"https:\/\/infogandia.es\/index.php\/wp-json\/wp\/v2\/posts"}],"about":[{"href":"https:\/\/infogandia.es\/index.php\/wp-json\/wp\/v2\/types\/post"}],"author":[{"embeddable":true,"href":"https:\/\/infogandia.es\/index.php\/wp-json\/wp\/v2\/users\/1"}],"replies":[{"embeddable":true,"href":"https:\/\/infogandia.es\/index.php\/wp-json\/wp\/v2\/comments?post=7074"}],"version-history":[{"count":1,"href":"https:\/\/infogandia.es\/index.php\/wp-json\/wp\/v2\/posts\/7074\/revisions"}],"predecessor-version":[{"id":7075,"href":"https:\/\/infogandia.es\/index.php\/wp-json\/wp\/v2\/posts\/7074\/revisions\/7075"}],"wp:featuredmedia":[{"embeddable":true,"href":"https:\/\/infogandia.es\/index.php\/wp-json\/wp\/v2\/media\/7072"}],"wp:attachment":[{"href":"https:\/\/infogandia.es\/index.php\/wp-json\/wp\/v2\/media?parent=7074"}],"wp:term":[{"taxonomy":"category","embeddable":true,"href":"https:\/\/infogandia.es\/index.php\/wp-json\/wp\/v2\/categories?post=7074"},{"taxonomy":"post_tag","embeddable":true,"href":"https:\/\/infogandia.es\/index.php\/wp-json\/wp\/v2\/tags?post=7074"}],"curies":[{"name":"wp","href":"https:\/\/api.w.org\/{rel}","templated":true}]}}