{"id":7076,"date":"2025-09-23T15:53:09","date_gmt":"2025-09-23T15:53:09","guid":{"rendered":"https:\/\/infogandia.es\/?p=7076"},"modified":"2025-09-23T15:53:10","modified_gmt":"2025-09-23T15:53:10","slug":"el-partido-popular-de-gandia-celebra-los-anuncios-de-carlos-mazon-en-el-debate-de-politica-general-que-beneficiaran-directamente-a-la-ciudad","status":"publish","type":"post","link":"https:\/\/infogandia.es\/index.php\/2025\/09\/23\/el-partido-popular-de-gandia-celebra-los-anuncios-de-carlos-mazon-en-el-debate-de-politica-general-que-beneficiaran-directamente-a-la-ciudad\/","title":{"rendered":"El Partido Popular de Gandia celebra los anuncios de Carlos Maz\u00f3n en el Debate de Pol\u00edtica General que beneficiar\u00e1n directamente a la ciudad"},"content":{"rendered":"\n<p>El Partido Popular de Gandia ha mostrado su satisfacci\u00f3n por los anuncios realizados por el president de la Generalitat, Carlos Maz\u00f3n, durante el Debate de Pol\u00edtica General, al considerar que repercutir\u00e1n de forma positiva en el futuro de la ciudad.<\/p>\n\n\n\n<p>Entre las medidas destacadas figuran la licitaci\u00f3n del proyecto que dotar\u00e1 a Gandia de una salida a la CV-60, el inicio del estudio de planeamiento del TRAM Gandia-D\u00e9nia y la aprobaci\u00f3n de una nueva ley que blindar\u00e1 la gratuidad de la educaci\u00f3n de 0 a 3 a\u00f1os.<\/p>\n\n\n\n<p>El presidente del PP de Gandia, V\u00edctor Soler, subray\u00f3 que la conexi\u00f3n con la CV-60 \u201cresponde a una demanda hist\u00f3rica que, tras a\u00f1os de desidia del Bot\u00e0nic, el Consell del Partido Popular convertir\u00e1 en realidad, dando ox\u00edgeno al sector industrial de Gandia, tan importante para nuestra econom\u00eda local\u201d.<\/p>\n\n\n\n<p>Sobre el estudio del TRAM Gandia-D\u00e9nia, Soler destac\u00f3 \u201cla enorme utilidad de este proyecto para mejorar las conexiones de La Safor con el resto de comarcas, favoreciendo la movilidad, la cohesi\u00f3n territorial y el desarrollo econ\u00f3mico de la zona\u201d.<\/p>\n\n\n\n<p>En cuanto a la nueva ley que garantiza la gratuidad de la educaci\u00f3n de 0 a 3 a\u00f1os, el dirigente popular se\u00f1al\u00f3 que \u201cfrente a los recortes del gobierno socialista en Gandia, que han supuesto el cierre de dos escoletes, el Consell destina recursos p\u00fablicos para garantizar la educaci\u00f3n p\u00fablica gratuita y ofrecer m\u00e1s oportunidades a las familias\u201d.<\/p>\n\n\n\n<p>Soler asegur\u00f3 que estas medidas son fruto de la colaboraci\u00f3n directa con el Consell del Partido Popular y reafirm\u00f3 su compromiso con la ciudad: \u201clejos de suponer un problema, nos permite trasladar las demandas de Gandia al \u00e1mbito auton\u00f3mico y conseguir que se hagan realidad las necesidades de nuestra ciudad\u201d.<\/p>\n\n\n\n<p>Por \u00faltimo, lament\u00f3 que \u201cel Partido Socialista se dedique a cuestionar mi trabajo en Valencia y a hacer de ello pol\u00edtica contra mi persona, en lugar de reconocer y poner en valor todas las medidas que se est\u00e1n impulsando desde el Consell y que benefician directamente a Gandia\u201d. Asimismo, inst\u00f3 al gobierno local a \u201cabandonar esa guerra partidista absurda y centrarse en trabajar por Gandia y por todos sus ciudadanos, tambi\u00e9n por aquellos que no tienen carnet socialista\u201d.<\/p>\n","protected":false},"excerpt":{"rendered":"<p>El Partido Popular de Gandia ha mostrado su satisfacci\u00f3n por los anuncios realizados por el president de la Generalitat, Carlos Maz\u00f3n, durante el Debate de Pol\u00edtica General, al considerar que repercutir\u00e1n de forma positiva en el futuro de la ciudad. Entre las medidas destacadas figuran la licitaci\u00f3n del proyecto que dotar\u00e1 a Gandia de una&#8230;<\/p>\n","protected":false},"author":1,"featured_media":7077,"comment_status":"open","ping_status":"open","sticky":false,"template":"","format":"standard","meta":{"footnotes":""},"categories":[1,3,27],"tags":[],"class_list":["post-7076","post","type-post","status-publish","format-standard","has-post-thumbnail","hentry","category-actualidad","category-politica","category-sociedad"],"_links":{"self":[{"href":"https:\/\/infogandia.es\/index.php\/wp-json\/wp\/v2\/posts\/7076","targetHints":{"allow":["GET"]}}],"collection":[{"href":"https:\/\/infogandia.es\/index.php\/wp-json\/wp\/v2\/posts"}],"about":[{"href":"https:\/\/infogandia.es\/index.php\/wp-json\/wp\/v2\/types\/post"}],"author":[{"embeddable":true,"href":"https:\/\/infogandia.es\/index.php\/wp-json\/wp\/v2\/users\/1"}],"replies":[{"embeddable":true,"href":"https:\/\/infogandia.es\/index.php\/wp-json\/wp\/v2\/comments?post=7076"}],"version-history":[{"count":1,"href":"https:\/\/infogandia.es\/index.php\/wp-json\/wp\/v2\/posts\/7076\/revisions"}],"predecessor-version":[{"id":7078,"href":"https:\/\/infogandia.es\/index.php\/wp-json\/wp\/v2\/posts\/7076\/revisions\/7078"}],"wp:featuredmedia":[{"embeddable":true,"href":"https:\/\/infogandia.es\/index.php\/wp-json\/wp\/v2\/media\/7077"}],"wp:attachment":[{"href":"https:\/\/infogandia.es\/index.php\/wp-json\/wp\/v2\/media?parent=7076"}],"wp:term":[{"taxonomy":"category","embeddable":true,"href":"https:\/\/infogandia.es\/index.php\/wp-json\/wp\/v2\/categories?post=7076"},{"taxonomy":"post_tag","embeddable":true,"href":"https:\/\/infogandia.es\/index.php\/wp-json\/wp\/v2\/tags?post=7076"}],"curies":[{"name":"wp","href":"https:\/\/api.w.org\/{rel}","templated":true}]}}