{"id":7079,"date":"2025-09-24T18:28:07","date_gmt":"2025-09-24T18:28:07","guid":{"rendered":"https:\/\/infogandia.es\/?p=7079"},"modified":"2025-09-24T18:28:08","modified_gmt":"2025-09-24T18:28:08","slug":"el-pp-critica-la-gestion-de-la-movilidad-urbana-en-gandia-y-reclama-un-plan-integral","status":"publish","type":"post","link":"https:\/\/infogandia.es\/index.php\/2025\/09\/24\/el-pp-critica-la-gestion-de-la-movilidad-urbana-en-gandia-y-reclama-un-plan-integral\/","title":{"rendered":"El PP critica la gesti\u00f3n de la movilidad urbana en Gandia y reclama un plan integral"},"content":{"rendered":"\n<p>El Grupo Municipal del Partido Popular de Gandia ha denunciado la falta de avances en materia de movilidad y mantenimiento urbano tras dos a\u00f1os de gobierno socialista encabezado por Jos\u00e9 Manuel Prieto.<\/p>\n\n\n\n<p>El portavoz adjunto del PP, David Ronda, asegur\u00f3 que la ciudad sigue sufriendo problemas de circulaci\u00f3n, aceras deterioradas y carencia de aparcamientos, pese a los compromisos anunciados por el alcalde. \u201cLa movilidad no es un espect\u00e1culo fotogr\u00e1fico una vez al a\u00f1o, sino un compromiso diario con los vecinos\u201d, declar\u00f3.<\/p>\n\n\n\n<p>Entre las cr\u00edticas, los populares se\u00f1alan los cortes de calles sin planificaci\u00f3n ni alternativas, que \u2014seg\u00fan afirman\u2014 generan caos circulatorio y afectan negativamente tanto a conductores como a comerciantes. Tambi\u00e9n apuntan a la falta de plazas de aparcamiento y a la precariedad de los estacionamientos provisionales, mal se\u00f1alizados y sin acondicionar.<\/p>\n\n\n\n<p>En cuanto al transporte p\u00fablico, el PP record\u00f3 que el contrato actual est\u00e1 vencido y que el nuevo pliego anunciado por el gobierno municipal a\u00fan no se ha presentado ni ha contado con la participaci\u00f3n de la oposici\u00f3n.<\/p>\n\n\n\n<p>El grupo popular reclama al ejecutivo local la elaboraci\u00f3n de un plan integral que incluya el mantenimiento urgente de calles y aceras, la mejora de la seguridad viaria, la modernizaci\u00f3n del transporte urbano, la creaci\u00f3n de nuevas zonas de estacionamiento y una gesti\u00f3n \u201ccoherente\u201d de los cortes de tr\u00e1fico.<\/p>\n","protected":false},"excerpt":{"rendered":"<p>El Grupo Municipal del Partido Popular de Gandia ha denunciado la falta de avances en materia de movilidad y mantenimiento urbano tras dos a\u00f1os de gobierno socialista encabezado por Jos\u00e9 Manuel Prieto. El portavoz adjunto del PP, David Ronda, asegur\u00f3 que la ciudad sigue sufriendo problemas de circulaci\u00f3n, aceras deterioradas y carencia de aparcamientos, pese&#8230;<\/p>\n","protected":false},"author":1,"featured_media":7080,"comment_status":"open","ping_status":"open","sticky":false,"template":"","format":"standard","meta":{"footnotes":""},"categories":[1,3],"tags":[],"class_list":["post-7079","post","type-post","status-publish","format-standard","has-post-thumbnail","hentry","category-actualidad","category-politica"],"_links":{"self":[{"href":"https:\/\/infogandia.es\/index.php\/wp-json\/wp\/v2\/posts\/7079","targetHints":{"allow":["GET"]}}],"collection":[{"href":"https:\/\/infogandia.es\/index.php\/wp-json\/wp\/v2\/posts"}],"about":[{"href":"https:\/\/infogandia.es\/index.php\/wp-json\/wp\/v2\/types\/post"}],"author":[{"embeddable":true,"href":"https:\/\/infogandia.es\/index.php\/wp-json\/wp\/v2\/users\/1"}],"replies":[{"embeddable":true,"href":"https:\/\/infogandia.es\/index.php\/wp-json\/wp\/v2\/comments?post=7079"}],"version-history":[{"count":1,"href":"https:\/\/infogandia.es\/index.php\/wp-json\/wp\/v2\/posts\/7079\/revisions"}],"predecessor-version":[{"id":7081,"href":"https:\/\/infogandia.es\/index.php\/wp-json\/wp\/v2\/posts\/7079\/revisions\/7081"}],"wp:featuredmedia":[{"embeddable":true,"href":"https:\/\/infogandia.es\/index.php\/wp-json\/wp\/v2\/media\/7080"}],"wp:attachment":[{"href":"https:\/\/infogandia.es\/index.php\/wp-json\/wp\/v2\/media?parent=7079"}],"wp:term":[{"taxonomy":"category","embeddable":true,"href":"https:\/\/infogandia.es\/index.php\/wp-json\/wp\/v2\/categories?post=7079"},{"taxonomy":"post_tag","embeddable":true,"href":"https:\/\/infogandia.es\/index.php\/wp-json\/wp\/v2\/tags?post=7079"}],"curies":[{"name":"wp","href":"https:\/\/api.w.org\/{rel}","templated":true}]}}