{"id":7082,"date":"2025-09-24T18:28:44","date_gmt":"2025-09-24T18:28:44","guid":{"rendered":"https:\/\/infogandia.es\/?p=7082"},"modified":"2025-09-24T18:28:44","modified_gmt":"2025-09-24T18:28:44","slug":"gandia-prepara-lobertura-del-recinte-firal-amb-jornades-especials-i-mesures-daccessibilitat","status":"publish","type":"post","link":"https:\/\/infogandia.es\/index.php\/2025\/09\/24\/gandia-prepara-lobertura-del-recinte-firal-amb-jornades-especials-i-mesures-daccessibilitat\/","title":{"rendered":"Gandia prepara l\u2019obertura del recinte firal amb jornades especials i mesures d\u2019accessibilitat"},"content":{"rendered":"\n<p>L\u2019alcalde de Gandia, Jos\u00e9 Manuel Prieto, va visitar ahir el recinte firal acompanyat per la regidora delegada de Fira i Festes, t\u00e8cnics municipals i representants de l\u2019<em>Asociaci\u00f3n Provincial de Industriales Feriantes de Val\u00e8ncia<\/em>. Durant la visita, es va comprovar l\u2019avan\u00e7 dels treballs d\u2019instal\u00b7laci\u00f3 de les atraccions.<\/p>\n\n\n\n<p>L\u2019obertura oficial del recinte tindr\u00e0 lloc aquest divendres, 26 de setembre, a les 17 hores, i romandr\u00e0 en funcionament fins al diumenge 12 d\u2019octubre.<\/p>\n\n\n\n<p>Enguany, el programa inclou dues jornades amb preus redu\u00efts i sense limitaci\u00f3 hor\u00e0ria, els dies 2 i 12 d\u2019octubre. A m\u00e9s, amb l\u2019objectiu de garantir l\u2019accessibilitat de les persones amb sensibilitat auditiva, s\u2019han establert jornades de \u201csoroll redu\u00eft\u201d l\u20191 i el 7 d\u2019octubre, fins a les 22 hores.<\/p>\n","protected":false},"excerpt":{"rendered":"<p>L\u2019alcalde de Gandia, Jos\u00e9 Manuel Prieto, va visitar ahir el recinte firal acompanyat per la regidora delegada de Fira i Festes, t\u00e8cnics municipals i representants de l\u2019Asociaci\u00f3n Provincial de Industriales Feriantes de Val\u00e8ncia. Durant la visita, es va comprovar l\u2019avan\u00e7 dels treballs d\u2019instal\u00b7laci\u00f3 de les atraccions. L\u2019obertura oficial del recinte tindr\u00e0 lloc aquest divendres, 26&#8230;<\/p>\n","protected":false},"author":1,"featured_media":7083,"comment_status":"open","ping_status":"open","sticky":false,"template":"","format":"standard","meta":{"footnotes":""},"categories":[1,57],"tags":[],"class_list":["post-7082","post","type-post","status-publish","format-standard","has-post-thumbnail","hentry","category-actualidad","category-turismo"],"_links":{"self":[{"href":"https:\/\/infogandia.es\/index.php\/wp-json\/wp\/v2\/posts\/7082","targetHints":{"allow":["GET"]}}],"collection":[{"href":"https:\/\/infogandia.es\/index.php\/wp-json\/wp\/v2\/posts"}],"about":[{"href":"https:\/\/infogandia.es\/index.php\/wp-json\/wp\/v2\/types\/post"}],"author":[{"embeddable":true,"href":"https:\/\/infogandia.es\/index.php\/wp-json\/wp\/v2\/users\/1"}],"replies":[{"embeddable":true,"href":"https:\/\/infogandia.es\/index.php\/wp-json\/wp\/v2\/comments?post=7082"}],"version-history":[{"count":1,"href":"https:\/\/infogandia.es\/index.php\/wp-json\/wp\/v2\/posts\/7082\/revisions"}],"predecessor-version":[{"id":7084,"href":"https:\/\/infogandia.es\/index.php\/wp-json\/wp\/v2\/posts\/7082\/revisions\/7084"}],"wp:featuredmedia":[{"embeddable":true,"href":"https:\/\/infogandia.es\/index.php\/wp-json\/wp\/v2\/media\/7083"}],"wp:attachment":[{"href":"https:\/\/infogandia.es\/index.php\/wp-json\/wp\/v2\/media?parent=7082"}],"wp:term":[{"taxonomy":"category","embeddable":true,"href":"https:\/\/infogandia.es\/index.php\/wp-json\/wp\/v2\/categories?post=7082"},{"taxonomy":"post_tag","embeddable":true,"href":"https:\/\/infogandia.es\/index.php\/wp-json\/wp\/v2\/tags?post=7082"}],"curies":[{"name":"wp","href":"https:\/\/api.w.org\/{rel}","templated":true}]}}