{"id":7085,"date":"2025-09-24T18:29:51","date_gmt":"2025-09-24T18:29:51","guid":{"rendered":"https:\/\/infogandia.es\/?p=7085"},"modified":"2025-09-24T18:29:52","modified_gmt":"2025-09-24T18:29:52","slug":"el-pp-de-gandia-reclama-en-el-congreso-mayor-promocion-del-turismo-religioso-y-de-la-semana-santa-local","status":"publish","type":"post","link":"https:\/\/infogandia.es\/index.php\/2025\/09\/24\/el-pp-de-gandia-reclama-en-el-congreso-mayor-promocion-del-turismo-religioso-y-de-la-semana-santa-local\/","title":{"rendered":"El PP de Gandia reclama en el Congreso mayor promoci\u00f3n del turismo religioso y de la Semana Santa local"},"content":{"rendered":"\n<p>Con motivo del 36\u00ba Encuentro Nacional de Cofrad\u00edas de Semana Santa, el Partido Popular de Gandia ha llevado al Congreso de los Diputados una iniciativa para impulsar el reconocimiento y la promoci\u00f3n de la Semana Santa de la ciudad como atractivo de turismo religioso.<\/p>\n\n\n\n<p>La propuesta, presentada por la diputada nacional y concejala Cristina Moreno a trav\u00e9s del Grupo Parlamentario Popular, solicita al Gobierno de Espa\u00f1a que respalde la festividad y que el Encuentro Nacional de Cofrad\u00edas sea declarado \u201cAcontecimiento de Excepcional Inter\u00e9s P\u00fablico\u201d, lo que permitir\u00eda una mayor proyecci\u00f3n nacional del evento.<\/p>\n\n\n\n<p>El presidente del PP de Gandia, V\u00edctor Soler, destac\u00f3 que la Semana Santa local \u201ces un evento \u00fanico que puede atraer a otro tipo de turismo y consolidar a Gandia como un destino de referencia durante todo el a\u00f1o\u201d. Seg\u00fan explic\u00f3, la iniciativa se ha concretado en una proposici\u00f3n no de ley presentada en el Congreso.<\/p>\n\n\n\n<p>Por su parte, Cristina Moreno subray\u00f3 que la propuesta busca dar \u201cvisibilidad y protagonismo\u201d a una festividad que, a su juicio, \u201cmerece un reconocimiento mayor y una promoci\u00f3n acorde a su relevancia cultural y religiosa\u201d.<\/p>\n","protected":false},"excerpt":{"rendered":"<p>Con motivo del 36\u00ba Encuentro Nacional de Cofrad\u00edas de Semana Santa, el Partido Popular de Gandia ha llevado al Congreso de los Diputados una iniciativa para impulsar el reconocimiento y la promoci\u00f3n de la Semana Santa de la ciudad como atractivo de turismo religioso. La propuesta, presentada por la diputada nacional y concejala Cristina Moreno&#8230;<\/p>\n","protected":false},"author":1,"featured_media":7086,"comment_status":"open","ping_status":"open","sticky":false,"template":"","format":"standard","meta":{"footnotes":""},"categories":[1],"tags":[],"class_list":["post-7085","post","type-post","status-publish","format-standard","has-post-thumbnail","hentry","category-actualidad"],"_links":{"self":[{"href":"https:\/\/infogandia.es\/index.php\/wp-json\/wp\/v2\/posts\/7085","targetHints":{"allow":["GET"]}}],"collection":[{"href":"https:\/\/infogandia.es\/index.php\/wp-json\/wp\/v2\/posts"}],"about":[{"href":"https:\/\/infogandia.es\/index.php\/wp-json\/wp\/v2\/types\/post"}],"author":[{"embeddable":true,"href":"https:\/\/infogandia.es\/index.php\/wp-json\/wp\/v2\/users\/1"}],"replies":[{"embeddable":true,"href":"https:\/\/infogandia.es\/index.php\/wp-json\/wp\/v2\/comments?post=7085"}],"version-history":[{"count":1,"href":"https:\/\/infogandia.es\/index.php\/wp-json\/wp\/v2\/posts\/7085\/revisions"}],"predecessor-version":[{"id":7087,"href":"https:\/\/infogandia.es\/index.php\/wp-json\/wp\/v2\/posts\/7085\/revisions\/7087"}],"wp:featuredmedia":[{"embeddable":true,"href":"https:\/\/infogandia.es\/index.php\/wp-json\/wp\/v2\/media\/7086"}],"wp:attachment":[{"href":"https:\/\/infogandia.es\/index.php\/wp-json\/wp\/v2\/media?parent=7085"}],"wp:term":[{"taxonomy":"category","embeddable":true,"href":"https:\/\/infogandia.es\/index.php\/wp-json\/wp\/v2\/categories?post=7085"},{"taxonomy":"post_tag","embeddable":true,"href":"https:\/\/infogandia.es\/index.php\/wp-json\/wp\/v2\/tags?post=7085"}],"curies":[{"name":"wp","href":"https:\/\/api.w.org\/{rel}","templated":true}]}}