{"id":7088,"date":"2025-09-24T18:30:52","date_gmt":"2025-09-24T18:30:52","guid":{"rendered":"https:\/\/infogandia.es\/?p=7088"},"modified":"2025-09-24T18:30:53","modified_gmt":"2025-09-24T18:30:53","slug":"els-escolars-de-gandia-demanen-mes-zones-per-a-vianants-i-foment-del-transport-electric-en-el-plenari-de-la-mobilitat","status":"publish","type":"post","link":"https:\/\/infogandia.es\/index.php\/2025\/09\/24\/els-escolars-de-gandia-demanen-mes-zones-per-a-vianants-i-foment-del-transport-electric-en-el-plenari-de-la-mobilitat\/","title":{"rendered":"Els escolars de Gandia demanen m\u00e9s zones per a vianants i foment del transport el\u00e8ctric en el Plenari de la Mobilitat"},"content":{"rendered":"\n<p>L\u2019Ajuntament de Gandia ha acollit este mat\u00ed el Plenari de la Mobilitat, presidit per l\u2019alcalde Jos\u00e9 Manuel Prieto, en el marc de la Setmana Europea de la Mobilitat Sostenible. En la sessi\u00f3 han participat 17 alumnes de sis\u00e9 de prim\u00e0ria dels centres educatius de la ciutat, que van resultar finalistes d\u2019un concurs de redaccions sota el t\u00edtol <em>\u201cSi jo fora alcalde o alcaldessa\u201d<\/em>.<\/p>\n\n\n\n<p>Les propostes m\u00e9s repetides pels escolars han estat l\u2019ampliaci\u00f3 de voreres, la creaci\u00f3 de noves zones per a vianants, l\u2019impuls del transport el\u00e8ctric i l\u2019augment de la xarxa de carrils bici. Tamb\u00e9 han destacat la necessitat d\u2019espais p\u00fablics m\u00e9s amplis i segurs per a xiquets i xiquetes, aix\u00ed com m\u00e9s facilitats per a l\u2019\u00fas de patinets el\u00e8ctrics, bicicletes i transport p\u00fablic.<\/p>\n\n\n\n<p>Prieto ha agra\u00eft la implicaci\u00f3 de la comunitat educativa i ha assegurat que moltes de les idees coincidixen amb les l\u00ednies de treball del govern local. \u201cTots tenim el prop\u00f2sit de fer una ciutat millor. La Setmana Europea de la Mobilitat ens permet reflexionar sobre quin tipus de ciutat volem i com ens volem moure en ella. Prendrem bona nota de les propostes\u201d, ha afirmat.<\/p>\n\n\n\n<p>En finalitzar l\u2019acte, es va fer entrega d\u2019una figura commemorativa als 17 participants i un casc de seguretat als tres escolars que van presentar les redaccions millor valorades.<\/p>\n","protected":false},"excerpt":{"rendered":"<p>L\u2019Ajuntament de Gandia ha acollit este mat\u00ed el Plenari de la Mobilitat, presidit per l\u2019alcalde Jos\u00e9 Manuel Prieto, en el marc de la Setmana Europea de la Mobilitat Sostenible. En la sessi\u00f3 han participat 17 alumnes de sis\u00e9 de prim\u00e0ria dels centres educatius de la ciutat, que van resultar finalistes d\u2019un concurs de redaccions sota&#8230;<\/p>\n","protected":false},"author":1,"featured_media":7089,"comment_status":"open","ping_status":"open","sticky":false,"template":"","format":"standard","meta":{"footnotes":""},"categories":[1],"tags":[],"class_list":["post-7088","post","type-post","status-publish","format-standard","has-post-thumbnail","hentry","category-actualidad"],"_links":{"self":[{"href":"https:\/\/infogandia.es\/index.php\/wp-json\/wp\/v2\/posts\/7088","targetHints":{"allow":["GET"]}}],"collection":[{"href":"https:\/\/infogandia.es\/index.php\/wp-json\/wp\/v2\/posts"}],"about":[{"href":"https:\/\/infogandia.es\/index.php\/wp-json\/wp\/v2\/types\/post"}],"author":[{"embeddable":true,"href":"https:\/\/infogandia.es\/index.php\/wp-json\/wp\/v2\/users\/1"}],"replies":[{"embeddable":true,"href":"https:\/\/infogandia.es\/index.php\/wp-json\/wp\/v2\/comments?post=7088"}],"version-history":[{"count":1,"href":"https:\/\/infogandia.es\/index.php\/wp-json\/wp\/v2\/posts\/7088\/revisions"}],"predecessor-version":[{"id":7090,"href":"https:\/\/infogandia.es\/index.php\/wp-json\/wp\/v2\/posts\/7088\/revisions\/7090"}],"wp:featuredmedia":[{"embeddable":true,"href":"https:\/\/infogandia.es\/index.php\/wp-json\/wp\/v2\/media\/7089"}],"wp:attachment":[{"href":"https:\/\/infogandia.es\/index.php\/wp-json\/wp\/v2\/media?parent=7088"}],"wp:term":[{"taxonomy":"category","embeddable":true,"href":"https:\/\/infogandia.es\/index.php\/wp-json\/wp\/v2\/categories?post=7088"},{"taxonomy":"post_tag","embeddable":true,"href":"https:\/\/infogandia.es\/index.php\/wp-json\/wp\/v2\/tags?post=7088"}],"curies":[{"name":"wp","href":"https:\/\/api.w.org\/{rel}","templated":true}]}}