{"id":7091,"date":"2025-09-24T18:32:07","date_gmt":"2025-09-24T18:32:07","guid":{"rendered":"https:\/\/infogandia.es\/?p=7091"},"modified":"2025-09-24T18:32:08","modified_gmt":"2025-09-24T18:32:08","slug":"garces-y-monegal-reflexionan-en-gandia-pensa-sobre-la-cultura-como-herramienta-de-concordia-y-democracia","status":"publish","type":"post","link":"https:\/\/infogandia.es\/index.php\/2025\/09\/24\/garces-y-monegal-reflexionan-en-gandia-pensa-sobre-la-cultura-como-herramienta-de-concordia-y-democracia\/","title":{"rendered":"Garc\u00e9s y Monegal reflexionan en \u2018Gandia Pensa\u2019 sobre la cultura como herramienta de concordia y democracia"},"content":{"rendered":"\n<p>El Patio de Armas del Palau Ducal de los Borja se llen\u00f3 ayer de p\u00fablico en la tercera edici\u00f3n de <em>Gandia Pensa<\/em>, que cont\u00f3 con la participaci\u00f3n de la fil\u00f3sofa Marina Garc\u00e9s y el catedr\u00e1tico Antonio Monegal. Bajo el t\u00edtulo <em>\u201cCultura y Democracia. Repensar el mundo a trav\u00e9s de la palabra\u201d<\/em>, ambos humanistas reflexionaron sobre el valor de la cultura como instrumento de di\u00e1logo y convivencia en tiempos de incertidumbre.<\/p>\n\n\n\n<p>El acto fue presentado por Mar\u00eda Jos\u00e9 G\u00e1lvez, directora general del Libro, el C\u00f3mic y la Lectura del Ministerio de Cultura. Previamente, el alcalde de Gandia, Jos\u00e9 Manuel Prieto, recibi\u00f3 a los ponentes y destac\u00f3 que la iniciativa \u201cno es solo un espacio de pensamiento cr\u00edtico, sino tambi\u00e9n de reflexi\u00f3n ciudadana en una \u00e9poca de ruido\u201d. Prieto subray\u00f3 adem\u00e1s que \u201cla cultura es un acto de concordia que da sentido a lo que somos y a lo que hacemos como sociedad\u201d, y celebr\u00f3 la incorporaci\u00f3n del Ministerio de Cultura y del Instituto Cervantes como entidades colaboradoras.<\/p>\n\n\n\n<p>Durante su intervenci\u00f3n, Garc\u00e9s defendi\u00f3 la importancia de entender la cultura como acci\u00f3n compartida y transformadora: \u201cEn momentos de guerras, violencia y precarizaci\u00f3n de la vida, debemos decir: hacemos esto juntos o pensamos esto juntos\u201d. Insisti\u00f3 en que la reflexi\u00f3n debe convertirse en una experiencia colectiva que d\u00e9 sentido a la acci\u00f3n cultural.<\/p>\n\n\n\n<p>Por su parte, Monegal se\u00f1al\u00f3 que el encuentro supon\u00eda \u201cuna invitaci\u00f3n a un di\u00e1logo colectivo y p\u00fablico, precisamente lo que m\u00e1s nos falta hoy en d\u00eda\u201d. Afirm\u00f3 que la cultura y la democracia ofrecen espacios para abordar las preocupaciones actuales, y que el objetivo no es dar respuestas cerradas, sino \u201cinvitar a la gente a pensar juntos sobre los problemas que compartimos\u201d.<\/p>\n\n\n\n<p>Con este acto, <em>Gandia Pensa<\/em> consolida su apuesta por la defensa de los valores democr\u00e1ticos y humanistas. En ediciones anteriores participaron figuras como el fil\u00f3sofo Theodor Kallifatides y el jurista Joaquim Bosch. La iniciativa est\u00e1 impulsada por el Ayuntamiento de Gandia junto con la C\u00e1tedra Joan Noguera de la Universitat de Val\u00e8ncia, el CEIC Alfons el Vell, el Ministerio de Cultura, el C\u00edrculo de Bellas Artes y el Instituto Cervantes. La comisaria del ciclo es \u00c0ngels Gregori.<\/p>\n","protected":false},"excerpt":{"rendered":"<p>El Patio de Armas del Palau Ducal de los Borja se llen\u00f3 ayer de p\u00fablico en la tercera edici\u00f3n de Gandia Pensa, que cont\u00f3 con la participaci\u00f3n de la fil\u00f3sofa Marina Garc\u00e9s y el catedr\u00e1tico Antonio Monegal. Bajo el t\u00edtulo \u201cCultura y Democracia. Repensar el mundo a trav\u00e9s de la palabra\u201d, ambos humanistas reflexionaron sobre&#8230;<\/p>\n","protected":false},"author":1,"featured_media":7092,"comment_status":"open","ping_status":"open","sticky":false,"template":"","format":"standard","meta":{"footnotes":""},"categories":[1],"tags":[],"class_list":["post-7091","post","type-post","status-publish","format-standard","has-post-thumbnail","hentry","category-actualidad"],"_links":{"self":[{"href":"https:\/\/infogandia.es\/index.php\/wp-json\/wp\/v2\/posts\/7091","targetHints":{"allow":["GET"]}}],"collection":[{"href":"https:\/\/infogandia.es\/index.php\/wp-json\/wp\/v2\/posts"}],"about":[{"href":"https:\/\/infogandia.es\/index.php\/wp-json\/wp\/v2\/types\/post"}],"author":[{"embeddable":true,"href":"https:\/\/infogandia.es\/index.php\/wp-json\/wp\/v2\/users\/1"}],"replies":[{"embeddable":true,"href":"https:\/\/infogandia.es\/index.php\/wp-json\/wp\/v2\/comments?post=7091"}],"version-history":[{"count":1,"href":"https:\/\/infogandia.es\/index.php\/wp-json\/wp\/v2\/posts\/7091\/revisions"}],"predecessor-version":[{"id":7093,"href":"https:\/\/infogandia.es\/index.php\/wp-json\/wp\/v2\/posts\/7091\/revisions\/7093"}],"wp:featuredmedia":[{"embeddable":true,"href":"https:\/\/infogandia.es\/index.php\/wp-json\/wp\/v2\/media\/7092"}],"wp:attachment":[{"href":"https:\/\/infogandia.es\/index.php\/wp-json\/wp\/v2\/media?parent=7091"}],"wp:term":[{"taxonomy":"category","embeddable":true,"href":"https:\/\/infogandia.es\/index.php\/wp-json\/wp\/v2\/categories?post=7091"},{"taxonomy":"post_tag","embeddable":true,"href":"https:\/\/infogandia.es\/index.php\/wp-json\/wp\/v2\/tags?post=7091"}],"curies":[{"name":"wp","href":"https:\/\/api.w.org\/{rel}","templated":true}]}}