{"id":7100,"date":"2025-09-26T15:31:40","date_gmt":"2025-09-26T15:31:40","guid":{"rendered":"https:\/\/infogandia.es\/?p=7100"},"modified":"2025-09-26T15:34:32","modified_gmt":"2025-09-26T15:34:32","slug":"gandia-celebra-el-dia-mundial-del-turismo-con-actividades-especiales-y-descuentos-en-espacios-historicos","status":"publish","type":"post","link":"https:\/\/infogandia.es\/index.php\/2025\/09\/26\/gandia-celebra-el-dia-mundial-del-turismo-con-actividades-especiales-y-descuentos-en-espacios-historicos\/","title":{"rendered":"Gandia celebra el D\u00eda Mundial del Turismo con actividades especiales y descuentos en espacios hist\u00f3ricos"},"content":{"rendered":"\n<p>Este s\u00e1bado 27 de septiembre, Gandia se suma a la celebraci\u00f3n del <strong>D\u00eda Mundial del Turismo<\/strong> con una completa agenda de actividades para todos los p\u00fablicos, as\u00ed como <strong>descuentos especiales en visitas a monumentos hist\u00f3ricos<\/strong>.<\/p>\n\n\n\n<p>El Departamento de Turismo ha organizado una programaci\u00f3n que pone en valor el patrimonio, la playa y las fiestas m\u00e1s emblem\u00e1ticas de la ciudad. La concejala de Turismo, <strong>Balbina Sendra<\/strong>, ha subrayado que \u201cen Gandia, todos los d\u00edas son el d\u00eda del turismo\u201d y ha destacado que esta jornada pretende ser \u201cuna celebraci\u00f3n participativa que sirva como escaparate de todo lo que Gandia ofrece durante el a\u00f1o\u201d.<\/p>\n\n\n\n<h3 class=\"wp-block-heading\">Actividades para todos los p\u00fablicos<\/h3>\n\n\n\n<p>La jornada arrancar\u00e1 a las <strong>9:00 h<\/strong> en la playa de Gandia con una sesi\u00f3n de <strong>&#8220;Esports a la Mar \u2013 Yoga&#8221;<\/strong>, una propuesta de bienestar incluida en el programa anual <em>Gandia a la Mar<\/em>.<\/p>\n\n\n\n<p>A las <strong>11:00 h<\/strong>, los m\u00e1s peque\u00f1os podr\u00e1n participar en una divertida <strong>gimcana infantil tematizada con Indiana Jones<\/strong>, que recorrer\u00e1 el centro hist\u00f3rico con salida desde la Oficina de Turismo frente a la estaci\u00f3n de Renfe.<\/p>\n\n\n\n<p>A las <strong>13:30 h<\/strong>, en la Iglesia de las Escuelas P\u00edas, se representar\u00e1 de forma extraordinaria el <strong>&#8220;Visitatio Sepulchri&#8221;<\/strong>, una manifestaci\u00f3n cultural y religiosa con gran arraigo en la ciudad. Esta actuaci\u00f3n se enmarca dentro del <strong>36\u00ba Encuentro Nacional de Cofrad\u00edas<\/strong>, que este a\u00f1o se celebra en Gandia.<\/p>\n\n\n\n<p>La programaci\u00f3n continuar\u00e1 por la tarde, a las <strong>18:00 h<\/strong>, con los <strong>&#8220;Jocs a la Mar \u2013 Mini Fireta&#8221;<\/strong> en la playa, una propuesta familiar tambi\u00e9n integrada en el programa Gandia a la Mar.<\/p>\n\n\n\n<p>El cierre de la jornada llegar\u00e1 a las <strong>20:30 h<\/strong> con la <strong>Procesi\u00f3n Extraordinaria de las Cofrad\u00edas de Semana Santa<\/strong>, que recorrer\u00e1 las calles del centro hist\u00f3rico.<\/p>\n\n\n\n<p>Durante todo el d\u00eda, la <strong>Feria de Atracciones<\/strong>, instalada en el recinto ferial con motivo de la Fira i Festes de Gandia, completar\u00e1 la oferta de ocio para este fin de semana.<\/p>\n\n\n\n<h3 class=\"wp-block-heading\">Descuentos en monumentos hist\u00f3ricos<\/h3>\n\n\n\n<p>Para celebrar esta jornada, dos de los espacios patrimoniales m\u00e1s destacados de Gandia ofrecer\u00e1n <strong>descuentos especiales<\/strong> en sus entradas:<\/p>\n\n\n\n<ul class=\"wp-block-list\">\n<li>El <strong>Palau Ducal dels Borja<\/strong> aplicar\u00e1 un <strong>20 % de descuento<\/strong> en las entradas.<\/li>\n\n\n\n<li>La <strong>Insigne Colegiata de Gandia<\/strong>, cuyo campanario restaurado se inaugur\u00f3 recientemente, tambi\u00e9n ofrecer\u00e1 un <strong>20 % de descuento<\/strong> en las entradas con audiogu\u00eda y en la visita guiada de las <strong>13:00 h<\/strong> del s\u00e1bado.<\/li>\n<\/ul>\n","protected":false},"excerpt":{"rendered":"<p>Este s\u00e1bado 27 de septiembre, Gandia se suma a la celebraci\u00f3n del D\u00eda Mundial del Turismo con una completa agenda de actividades para todos los p\u00fablicos, as\u00ed como descuentos especiales en visitas a monumentos hist\u00f3ricos. El Departamento de Turismo ha organizado una programaci\u00f3n que pone en valor el patrimonio, la playa y las fiestas m\u00e1s&#8230;<\/p>\n","protected":false},"author":1,"featured_media":7101,"comment_status":"open","ping_status":"open","sticky":false,"template":"","format":"standard","meta":{"footnotes":""},"categories":[1,57],"tags":[],"class_list":["post-7100","post","type-post","status-publish","format-standard","has-post-thumbnail","hentry","category-actualidad","category-turismo"],"_links":{"self":[{"href":"https:\/\/infogandia.es\/index.php\/wp-json\/wp\/v2\/posts\/7100","targetHints":{"allow":["GET"]}}],"collection":[{"href":"https:\/\/infogandia.es\/index.php\/wp-json\/wp\/v2\/posts"}],"about":[{"href":"https:\/\/infogandia.es\/index.php\/wp-json\/wp\/v2\/types\/post"}],"author":[{"embeddable":true,"href":"https:\/\/infogandia.es\/index.php\/wp-json\/wp\/v2\/users\/1"}],"replies":[{"embeddable":true,"href":"https:\/\/infogandia.es\/index.php\/wp-json\/wp\/v2\/comments?post=7100"}],"version-history":[{"count":1,"href":"https:\/\/infogandia.es\/index.php\/wp-json\/wp\/v2\/posts\/7100\/revisions"}],"predecessor-version":[{"id":7102,"href":"https:\/\/infogandia.es\/index.php\/wp-json\/wp\/v2\/posts\/7100\/revisions\/7102"}],"wp:featuredmedia":[{"embeddable":true,"href":"https:\/\/infogandia.es\/index.php\/wp-json\/wp\/v2\/media\/7101"}],"wp:attachment":[{"href":"https:\/\/infogandia.es\/index.php\/wp-json\/wp\/v2\/media?parent=7100"}],"wp:term":[{"taxonomy":"category","embeddable":true,"href":"https:\/\/infogandia.es\/index.php\/wp-json\/wp\/v2\/categories?post=7100"},{"taxonomy":"post_tag","embeddable":true,"href":"https:\/\/infogandia.es\/index.php\/wp-json\/wp\/v2\/tags?post=7100"}],"curies":[{"name":"wp","href":"https:\/\/api.w.org\/{rel}","templated":true}]}}