{"id":7109,"date":"2025-09-26T15:42:15","date_gmt":"2025-09-26T15:42:15","guid":{"rendered":"https:\/\/infogandia.es\/?p=7109"},"modified":"2025-09-26T15:42:16","modified_gmt":"2025-09-26T15:42:16","slug":"el-pp-de-gandia-celebra-las-nuevas-deducciones-del-consell-para-musicos-y-destaca-la-tradicion-musical-de-la-ciudad","status":"publish","type":"post","link":"https:\/\/infogandia.es\/index.php\/2025\/09\/26\/el-pp-de-gandia-celebra-las-nuevas-deducciones-del-consell-para-musicos-y-destaca-la-tradicion-musical-de-la-ciudad\/","title":{"rendered":"El PP de Gandia celebra las nuevas deducciones del Consell para m\u00fasicos y destaca la tradici\u00f3n musical de la ciudad"},"content":{"rendered":"\n<p>El Grupo Municipal del Partido Popular de Gandia ha mostrado su satisfacci\u00f3n por la puesta en marcha, por primera vez, de <strong>deducciones fiscales para m\u00fasicos<\/strong> en la <strong>compra de instrumentos<\/strong> y en el pago de <strong>cuotas de bandas de m\u00fasica y conservatorios<\/strong>, una medida impulsada por el Consell del PP.<\/p>\n\n\n\n<p>El portavoz popular, <strong>V\u00edctor Soler<\/strong>, ha subrayado que estas ayudas \u201cfomentan la participaci\u00f3n en actividades culturales y ponen en valor la m\u00fasica como pilar fundamental de nuestra identidad\u201d, destacando que <strong>\u201cValencia, y especialmente Gandia, cuenta con una rica tradici\u00f3n musical que merece todo el apoyo de nuestras instituciones\u201d<\/strong>.<\/p>\n\n\n\n<p>Adem\u00e1s, Soler ha celebrado el \u00e9xito de los <strong>conciertos de m\u00fasica cofrade<\/strong> celebrados recientemente en la ciudad, con la participaci\u00f3n de la <strong>Banda CCTT Mare de D\u00e9u Blanqueta<\/strong>, la <strong>Agrupaci\u00f3 Musical Davallament<\/strong>, la <strong>Agrupaci\u00f3 Musical Sepulcre-Raval<\/strong> y la <strong>Uni\u00f3 Art\u00edstico Musical Sant Francesc de Borja<\/strong>, que interpretaron marchas de Semana Santa.<\/p>\n\n\n\n<p>\u201cEs un orgullo ver c\u00f3mo estas iniciativas culturales coinciden con la celebraci\u00f3n del <strong>Encuentro Nacional de Cofrad\u00edas<\/strong>, reforzando as\u00ed la <strong>riqueza art\u00edstica y cultural de Gandia<\/strong>\u201d, concluy\u00f3 Soler.<\/p>\n","protected":false},"excerpt":{"rendered":"<p>El Grupo Municipal del Partido Popular de Gandia ha mostrado su satisfacci\u00f3n por la puesta en marcha, por primera vez, de deducciones fiscales para m\u00fasicos en la compra de instrumentos y en el pago de cuotas de bandas de m\u00fasica y conservatorios, una medida impulsada por el Consell del PP. El portavoz popular, V\u00edctor Soler,&#8230;<\/p>\n","protected":false},"author":1,"featured_media":7110,"comment_status":"open","ping_status":"open","sticky":false,"template":"","format":"standard","meta":{"footnotes":""},"categories":[1,3],"tags":[],"class_list":["post-7109","post","type-post","status-publish","format-standard","has-post-thumbnail","hentry","category-actualidad","category-politica"],"_links":{"self":[{"href":"https:\/\/infogandia.es\/index.php\/wp-json\/wp\/v2\/posts\/7109","targetHints":{"allow":["GET"]}}],"collection":[{"href":"https:\/\/infogandia.es\/index.php\/wp-json\/wp\/v2\/posts"}],"about":[{"href":"https:\/\/infogandia.es\/index.php\/wp-json\/wp\/v2\/types\/post"}],"author":[{"embeddable":true,"href":"https:\/\/infogandia.es\/index.php\/wp-json\/wp\/v2\/users\/1"}],"replies":[{"embeddable":true,"href":"https:\/\/infogandia.es\/index.php\/wp-json\/wp\/v2\/comments?post=7109"}],"version-history":[{"count":1,"href":"https:\/\/infogandia.es\/index.php\/wp-json\/wp\/v2\/posts\/7109\/revisions"}],"predecessor-version":[{"id":7111,"href":"https:\/\/infogandia.es\/index.php\/wp-json\/wp\/v2\/posts\/7109\/revisions\/7111"}],"wp:featuredmedia":[{"embeddable":true,"href":"https:\/\/infogandia.es\/index.php\/wp-json\/wp\/v2\/media\/7110"}],"wp:attachment":[{"href":"https:\/\/infogandia.es\/index.php\/wp-json\/wp\/v2\/media?parent=7109"}],"wp:term":[{"taxonomy":"category","embeddable":true,"href":"https:\/\/infogandia.es\/index.php\/wp-json\/wp\/v2\/categories?post=7109"},{"taxonomy":"post_tag","embeddable":true,"href":"https:\/\/infogandia.es\/index.php\/wp-json\/wp\/v2\/tags?post=7109"}],"curies":[{"name":"wp","href":"https:\/\/api.w.org\/{rel}","templated":true}]}}