{"id":7119,"date":"2025-09-30T15:57:32","date_gmt":"2025-09-30T15:57:32","guid":{"rendered":"https:\/\/infogandia.es\/?p=7119"},"modified":"2025-09-30T15:57:32","modified_gmt":"2025-09-30T15:57:32","slug":"el-pp-de-gandia-reclama-una-comision-de-investigacion-para-aclarar-el-fallo-del-deposito-de-clot-de-la-mota-tras-costar-10-millones-de-euros","status":"publish","type":"post","link":"https:\/\/infogandia.es\/index.php\/2025\/09\/30\/el-pp-de-gandia-reclama-una-comision-de-investigacion-para-aclarar-el-fallo-del-deposito-de-clot-de-la-mota-tras-costar-10-millones-de-euros\/","title":{"rendered":"El PP de Gandia reclama una comisi\u00f3n de investigaci\u00f3n para aclarar el fallo del dep\u00f3sito de Clot de la Mota tras costar 10 millones de euros"},"content":{"rendered":"\n<p>El Grupo Municipal Popular ha solicitado la creaci\u00f3n de una comisi\u00f3n de investigaci\u00f3n en el Ayuntamiento de Gandia para esclarecer por qu\u00e9 el dep\u00f3sito pluvial de Clot de la Mota, una infraestructura que supuso una inversi\u00f3n de 10 millones de euros, no funcion\u00f3 durante las lluvias registradas ayer y no evit\u00f3 las graves inundaciones que afectaron a la playa.<\/p>\n\n\n\n<p>El portavoz del PP, V\u00edctor Soler, ha denunciado que los resultados de la obra son \u201cinadmisibles\u201d, recordando que el alcalde socialista, Jos\u00e9 Manuel Prieto, hab\u00eda asegurado que esta infraestructura convertir\u00eda a Gandia en una de las ciudades mejor preparadas de Espa\u00f1a contra inundaciones, garantizando que estos episodios \u201cno se iban a repetir\u201d. \u201cLa realidad ha demostrado justo lo contrario\u201d, se\u00f1al\u00f3 Soler.<\/p>\n\n\n\n<p>Durante el temporal, diversas zonas de la playa como la Calle La Rioja, Calle Menorca, Marenys de Rafalcaid y la urbanizaci\u00f3n Kentucky quedaron completamente anegadas, dificultando la circulaci\u00f3n de veh\u00edculos y peatones y generando situaciones de riesgo tanto para vecinos como para turistas. \u201cLo que se ha vivido en Gandia es una prueba evidente de que la inversi\u00f3n millonaria no ha servido para nada\u201d, a\u00f1adi\u00f3 el edil popular.<\/p>\n\n\n\n<p>Soler acus\u00f3 directamente al alcalde Prieto de \u201cmentir a los ciudadanos\u201d al garantizar que el dep\u00f3sito pluvial resolver\u00eda el problema de las inundaciones. \u201cEstamos ante un fraude: o nos mintieron antes o nos mienten ahora, pero lo que no admite discusi\u00f3n es que la infraestructura no ha funcionado como deb\u00eda\u201d, declar\u00f3.<\/p>\n\n\n\n<p>El portavoz del PP insisti\u00f3 en que el problema no puede atribuirse a la intensidad de la lluvia, citando datos de la Agencia Estatal de Meteorolog\u00eda (AEMET). \u201cLocalidades como Sueca, Ch\u00f3var o Cabanes registraron m\u00e1s precipitaciones que Gandia y no sufrieron inundaciones. Esto demuestra que el fallo no fue meteorol\u00f3gico, sino del sistema de gesti\u00f3n hidr\u00e1ulica y, en concreto, del dep\u00f3sito de Clot de la Mota, que se construy\u00f3 precisamente para evitar lo que ha pasado\u201d, argument\u00f3.<\/p>\n\n\n\n<p>Ante esta situaci\u00f3n, el PP ha solicitado formalmente al Gobierno local la creaci\u00f3n de una comisi\u00f3n de investigaci\u00f3n urgente, acompa\u00f1ada de una auditor\u00eda externa, con el fin de determinar qu\u00e9 ha fallado en la ejecuci\u00f3n del proyecto y depurar responsabilidades pol\u00edticas. \u201cLos vecinos merecen explicaciones claras sobre d\u00f3nde est\u00e1n los 10 millones de euros de sus impuestos que supuestamente se invirtieron en evitar inundaciones y no han servido para nada\u201d, subray\u00f3 Soler.<\/p>\n\n\n\n<p>Los populares han anunciado que seguir\u00e1n recogiendo testimonios y quejas de vecinos y comerciantes afectados para trasladarlos al Ayuntamiento y presionar para que se tomen medidas. \u201cNo podemos permitir que Gandia siga viviendo episodios de caos cada vez que llueve, mientras se dilapidan recursos p\u00fablicos en obras que no cumplen con lo prometido\u201d, concluy\u00f3 Soler.<\/p>\n","protected":false},"excerpt":{"rendered":"<p>El Grupo Municipal Popular ha solicitado la creaci\u00f3n de una comisi\u00f3n de investigaci\u00f3n en el Ayuntamiento de Gandia para esclarecer por qu\u00e9 el dep\u00f3sito pluvial de Clot de la Mota, una infraestructura que supuso una inversi\u00f3n de 10 millones de euros, no funcion\u00f3 durante las lluvias registradas ayer y no evit\u00f3 las graves inundaciones que&#8230;<\/p>\n","protected":false},"author":1,"featured_media":7120,"comment_status":"open","ping_status":"open","sticky":false,"template":"","format":"standard","meta":{"footnotes":""},"categories":[1,3],"tags":[],"class_list":["post-7119","post","type-post","status-publish","format-standard","has-post-thumbnail","hentry","category-actualidad","category-politica"],"_links":{"self":[{"href":"https:\/\/infogandia.es\/index.php\/wp-json\/wp\/v2\/posts\/7119","targetHints":{"allow":["GET"]}}],"collection":[{"href":"https:\/\/infogandia.es\/index.php\/wp-json\/wp\/v2\/posts"}],"about":[{"href":"https:\/\/infogandia.es\/index.php\/wp-json\/wp\/v2\/types\/post"}],"author":[{"embeddable":true,"href":"https:\/\/infogandia.es\/index.php\/wp-json\/wp\/v2\/users\/1"}],"replies":[{"embeddable":true,"href":"https:\/\/infogandia.es\/index.php\/wp-json\/wp\/v2\/comments?post=7119"}],"version-history":[{"count":1,"href":"https:\/\/infogandia.es\/index.php\/wp-json\/wp\/v2\/posts\/7119\/revisions"}],"predecessor-version":[{"id":7121,"href":"https:\/\/infogandia.es\/index.php\/wp-json\/wp\/v2\/posts\/7119\/revisions\/7121"}],"wp:featuredmedia":[{"embeddable":true,"href":"https:\/\/infogandia.es\/index.php\/wp-json\/wp\/v2\/media\/7120"}],"wp:attachment":[{"href":"https:\/\/infogandia.es\/index.php\/wp-json\/wp\/v2\/media?parent=7119"}],"wp:term":[{"taxonomy":"category","embeddable":true,"href":"https:\/\/infogandia.es\/index.php\/wp-json\/wp\/v2\/categories?post=7119"},{"taxonomy":"post_tag","embeddable":true,"href":"https:\/\/infogandia.es\/index.php\/wp-json\/wp\/v2\/tags?post=7119"}],"curies":[{"name":"wp","href":"https:\/\/api.w.org\/{rel}","templated":true}]}}