{"id":7125,"date":"2025-10-01T10:45:02","date_gmt":"2025-10-01T10:45:02","guid":{"rendered":"https:\/\/infogandia.es\/?p=7125"},"modified":"2025-10-01T10:45:03","modified_gmt":"2025-10-01T10:45:03","slug":"maria-josep-escriva-galardonada-con-el-premi-joan-rois-de-corella-a-la-trayectoria-literaria","status":"publish","type":"post","link":"https:\/\/infogandia.es\/index.php\/2025\/10\/01\/maria-josep-escriva-galardonada-con-el-premi-joan-rois-de-corella-a-la-trayectoria-literaria\/","title":{"rendered":"Maria Josep Escriv\u00e0, galardonada con el Premi Joan Ro\u00eds de Corella a la trayectoria literaria"},"content":{"rendered":"\n<p>El Ayuntamiento de Gandia, a trav\u00e9s del Instituto Municipal de Archivos y Bibliotecas (IMAB), ha anunciado hoy la concesi\u00f3n del Premi Ro\u00eds de Corella a la trayectoria literaria, dentro de los Premios Literarios Ciudad de Gandia 2025.<\/p>\n\n\n\n<p>Seg\u00fan ha declarado la concejala de Cultura y responsable del IMAB, Balbina Sendra, \u201cuna vez concluido el Consejo del IMAB y tal como figuraba en el punto dos del orden del d\u00eda, se ha propuesto y aprobado la candidatura de Maria Josep Escriv\u00e0 Vidal. Nos enorgullece poder anunciar que la galardonada es una de las voces m\u00e1s s\u00f3lidas y reconocidas de la literatura valenciana contempor\u00e1nea\u201d.<\/p>\n\n\n\n<p>Nacida en el Grau de Gandia en 1968, Maria Josep Escriv\u00e0 es poeta, docente y gestora cultural. Licenciada en Filolog\u00eda Hisp\u00e1nica y doctora en Filolog\u00eda Catalana, ha dedicado su vida al estudio y difusi\u00f3n de la literatura.<\/p>\n\n\n\n<p>Su trayectoria literaria incluye obras destacadas como <em>Remor al\u00e8<\/em>, <em>A les palpentes del vidre<\/em>, <em>Flors a casa<\/em>, <em>Serena barca<\/em>, <em>Sempre \u00e9s tard<\/em> y el poemario <em>L\u2019alegria de l\u2019oblit<\/em>. Tambi\u00e9n ha trabajado la narrativa y la literatura infantil, y ha sido reconocida con premios de prestigio como el Premi Mari\u00e0 Manent, el Premio de la Cr\u00edtica de los Escritores Valencianos y el Premio de Poes\u00eda de los Juegos Florales de Barcelona.<\/p>\n\n\n\n<p>La obra de Escriv\u00e0, traducida a varias lenguas, ha contribuido a situar Gandia y la comarca de la Safor en el mapa cultural internacional.<\/p>\n\n\n\n<p>\u201cPor todo ello, este galard\u00f3n es un reconocimiento m\u00e1s que merecido a una trayectoria marcada por la calidad, la coherencia y la pasi\u00f3n por la literatura\u201d, ha a\u00f1adido Sendra.<\/p>\n","protected":false},"excerpt":{"rendered":"<p>El Ayuntamiento de Gandia, a trav\u00e9s del Instituto Municipal de Archivos y Bibliotecas (IMAB), ha anunciado hoy la concesi\u00f3n del Premi Ro\u00eds de Corella a la trayectoria literaria, dentro de los Premios Literarios Ciudad de Gandia 2025. Seg\u00fan ha declarado la concejala de Cultura y responsable del IMAB, Balbina Sendra, \u201cuna vez concluido el Consejo&#8230;<\/p>\n","protected":false},"author":1,"featured_media":7126,"comment_status":"open","ping_status":"open","sticky":false,"template":"","format":"standard","meta":{"footnotes":""},"categories":[1,27],"tags":[],"class_list":["post-7125","post","type-post","status-publish","format-standard","has-post-thumbnail","hentry","category-actualidad","category-sociedad"],"_links":{"self":[{"href":"https:\/\/infogandia.es\/index.php\/wp-json\/wp\/v2\/posts\/7125","targetHints":{"allow":["GET"]}}],"collection":[{"href":"https:\/\/infogandia.es\/index.php\/wp-json\/wp\/v2\/posts"}],"about":[{"href":"https:\/\/infogandia.es\/index.php\/wp-json\/wp\/v2\/types\/post"}],"author":[{"embeddable":true,"href":"https:\/\/infogandia.es\/index.php\/wp-json\/wp\/v2\/users\/1"}],"replies":[{"embeddable":true,"href":"https:\/\/infogandia.es\/index.php\/wp-json\/wp\/v2\/comments?post=7125"}],"version-history":[{"count":1,"href":"https:\/\/infogandia.es\/index.php\/wp-json\/wp\/v2\/posts\/7125\/revisions"}],"predecessor-version":[{"id":7127,"href":"https:\/\/infogandia.es\/index.php\/wp-json\/wp\/v2\/posts\/7125\/revisions\/7127"}],"wp:featuredmedia":[{"embeddable":true,"href":"https:\/\/infogandia.es\/index.php\/wp-json\/wp\/v2\/media\/7126"}],"wp:attachment":[{"href":"https:\/\/infogandia.es\/index.php\/wp-json\/wp\/v2\/media?parent=7125"}],"wp:term":[{"taxonomy":"category","embeddable":true,"href":"https:\/\/infogandia.es\/index.php\/wp-json\/wp\/v2\/categories?post=7125"},{"taxonomy":"post_tag","embeddable":true,"href":"https:\/\/infogandia.es\/index.php\/wp-json\/wp\/v2\/tags?post=7125"}],"curies":[{"name":"wp","href":"https:\/\/api.w.org\/{rel}","templated":true}]}}